{"id":9388,"date":"2018-01-11T10:44:29","date_gmt":"2018-01-11T12:44:29","guid":{"rendered":"http:\/\/sindesvdf.com.br\/news\/?p=9388"},"modified":"2018-01-11T12:42:43","modified_gmt":"2018-01-11T14:42:43","slug":"tst-deu-aval-a-demissoes-em-massa-apos-reforma-dizem-especialistas","status":"publish","type":"post","link":"https:\/\/sindesvdf.com.br\/news\/tst-deu-aval-a-demissoes-em-massa-apos-reforma-dizem-especialistas\/","title":{"rendered":"TST deu aval a demiss\u00f5es em massa ap\u00f3s reforma, dizem especialistas"},"content":{"rendered":"<p><img loading=\"lazy\" decoding=\"async\" class=\"aligncenter size-large wp-image-9389\" src=\"http:\/\/sindesvdf.com.br\/news\/wp-content\/uploads\/2018\/01\/carteira-assinada-e1458648029421-2-790x473.jpg\" alt=\"\" width=\"750\" height=\"449\" srcset=\"https:\/\/sindesvdf.com.br\/news\/wp-content\/uploads\/2018\/01\/carteira-assinada-e1458648029421-2-790x473.jpg 790w, https:\/\/sindesvdf.com.br\/news\/wp-content\/uploads\/2018\/01\/carteira-assinada-e1458648029421-2-300x180.jpg 300w, https:\/\/sindesvdf.com.br\/news\/wp-content\/uploads\/2018\/01\/carteira-assinada-e1458648029421-2-768x460.jpg 768w, https:\/\/sindesvdf.com.br\/news\/wp-content\/uploads\/2018\/01\/carteira-assinada-e1458648029421-2-150x90.jpg 150w, https:\/\/sindesvdf.com.br\/news\/wp-content\/uploads\/2018\/01\/carteira-assinada-e1458648029421-2-250x150.jpg 250w, https:\/\/sindesvdf.com.br\/news\/wp-content\/uploads\/2018\/01\/carteira-assinada-e1458648029421-2.jpg 886w\" sizes=\"auto, (max-width: 750px) 100vw, 750px\" \/><\/p>\n<p>Para especialistas, a decis\u00e3o do presidente do Tribunal Superior do Trabalho (TST) ministro Ives Gandra da Silva, que ratificou a demiss\u00e3o em massa de 150 professores da universidade UniRitter sem a necessidade de intermedia\u00e7\u00e3o com o sindicato da categoria, com base na reforma trabalhista aprovada pelo governo Michel Temer, d\u00e1 seguran\u00e7a jur\u00eddica para que as empresas passem a adotar este tipo de pr\u00e1tica no Brasil. At\u00e9 ent\u00e3o, as demiss\u00f5es em massa s\u00f3 poderiam ocorrer se fossem negociadas previamente e avalizadas pelos sindicatos de trabalhadores.<\/p>\n<p><em>&#8220;Com a reforma trabalhista, artigo 477-A, as dispensas coletivas n\u00e3o dependem mais de pr\u00e9via autoriza\u00e7\u00e3o das entidades sindicais para ocorrerem&#8221;<\/em>, ressaltou o advogado especializado e s\u00f3cio do Leite, Tosto e Barros Advogados Luiz Fernando Riskalla ao jornal O Estado de S\u00e3o Paulo. Segundo ele, a decis\u00e3o do ministro Gandra resulta em uma<em> &#8220;maior seguran\u00e7a jur\u00eddica aos jurisdicionados, principalmente aos empregadores, que podem usar as novas regras&#8221;<\/em>.<\/p>\n<p>O advogado trabalhista Alberto de Carvalho, do Fragata e Antunes Advogados, observou, por\u00e9m, que o assunto ainda n\u00e3o est\u00e1 &#8220;pacificado&#8221;.<br \/>\n<em>&#8220;<\/em><em>\u00c9 preciso aguardar a posi\u00e7\u00e3o do TST em sua composi\u00e7\u00e3o colegiada quanto \u00e0 supera\u00e7\u00e3o da posi\u00e7\u00e3o consolidada anteriormente sobre a necessidade da participa\u00e7\u00e3o de sindicato em casos deste tipo. \u00c9 necess\u00e1rio, ainda, esperar a decis\u00e3o (e a modula\u00e7\u00e3o dos seus efeitos) do Supremo Tribunal Federal sobre a ADI 1625 \u2014 que est\u00e1 h\u00e1 muitos anos pendente de julgamento sobre a ratifica\u00e7\u00e3o e den\u00fancia, pelo Brasil, da Conven\u00e7\u00e3o 158 da OIT (Organiza\u00e7\u00e3o Internacional do Trabalho). S\u00f3 ent\u00e3o se poder\u00e1 falar numa poss\u00edvel pacifica\u00e7\u00e3o da mat\u00e9ria&#8221;<\/em>, disse Carvalho ao Estad\u00e3o.<\/p>\n<p>[responsivevoice_button voice = &#8220;Brazilian Portuguese Female&#8221; buttontext = &#8220;Ou\u00e7a Isto&#8221;]<\/p>\n<p style=\"text-align: right;\"><span style=\"color: #ff0000;\"><em>Fonte:<strong> Brasil 247<\/strong><\/em><\/span><\/p>\n<hr \/>\n<p style=\"text-align: center;\"><strong>SindesvDF<\/strong> &#8211; <em>Sempre vigilante em defesa da categoria!<\/em><\/p>\n<p class=\"wpf_wrapper\"><a class=\"print_link\" href=\"\" target=\"_blank\">Preparar para impress\u00e3o<\/a><\/p><!-- .wpf_wrapper -->","protected":false},"excerpt":{"rendered":"<p>Para especialistas, a decis\u00e3o do presidente do Tribunal Superior do Trabalho (TST) ministro Ives Gandra da Silva, que ratificou a&hellip; <\/p>\n","protected":false},"author":1,"featured_media":0,"comment_status":"closed","ping_status":"closed","sticky":false,"template":"","format":"standard","meta":{"footnotes":""},"categories":[112],"tags":[],"class_list":["post-9388","post","type-post","status-publish","format-standard","hentry","category-as-reformas-do-mal"],"jetpack_featured_media_url":"","_links":{"self":[{"href":"https:\/\/sindesvdf.com.br\/news\/wp-json\/wp\/v2\/posts\/9388","targetHints":{"allow":["GET"]}}],"collection":[{"href":"https:\/\/sindesvdf.com.br\/news\/wp-json\/wp\/v2\/posts"}],"about":[{"href":"https:\/\/sindesvdf.com.br\/news\/wp-json\/wp\/v2\/types\/post"}],"author":[{"embeddable":true,"href":"https:\/\/sindesvdf.com.br\/news\/wp-json\/wp\/v2\/users\/1"}],"replies":[{"embeddable":true,"href":"https:\/\/sindesvdf.com.br\/news\/wp-json\/wp\/v2\/comments?post=9388"}],"version-history":[{"count":4,"href":"https:\/\/sindesvdf.com.br\/news\/wp-json\/wp\/v2\/posts\/9388\/revisions"}],"predecessor-version":[{"id":9394,"href":"https:\/\/sindesvdf.com.br\/news\/wp-json\/wp\/v2\/posts\/9388\/revisions\/9394"}],"wp:attachment":[{"href":"https:\/\/sindesvdf.com.br\/news\/wp-json\/wp\/v2\/media?parent=9388"}],"wp:term":[{"taxonomy":"category","embeddable":true,"href":"https:\/\/sindesvdf.com.br\/news\/wp-json\/wp\/v2\/categories?post=9388"},{"taxonomy":"post_tag","embeddable":true,"href":"https:\/\/sindesvdf.com.br\/news\/wp-json\/wp\/v2\/tags?post=9388"}],"curies":[{"name":"wp","href":"https:\/\/api.w.org\/{rel}","templated":true}]}}