{"id":9415,"date":"2018-01-12T16:16:03","date_gmt":"2018-01-12T18:16:03","guid":{"rendered":"http:\/\/sindesvdf.com.br\/news\/?p=9415"},"modified":"2018-01-12T17:19:36","modified_gmt":"2018-01-12T19:19:36","slug":"vigilante-de-centro-de-saude-sofre-tentativa-de-assalto","status":"publish","type":"post","link":"https:\/\/sindesvdf.com.br\/news\/vigilante-de-centro-de-saude-sofre-tentativa-de-assalto\/","title":{"rendered":"Vigilante de Centro de Sa\u00fade sofre tentativa de assalto"},"content":{"rendered":"<p><img loading=\"lazy\" decoding=\"async\" class=\"alignright wp-image-9416\" src=\"http:\/\/sindesvdf.com.br\/news\/wp-content\/uploads\/2018\/01\/6-01-790x790.jpg\" alt=\"\" width=\"400\" height=\"400\" srcset=\"https:\/\/sindesvdf.com.br\/news\/wp-content\/uploads\/2018\/01\/6-01-790x790.jpg 790w, https:\/\/sindesvdf.com.br\/news\/wp-content\/uploads\/2018\/01\/6-01-150x150.jpg 150w, https:\/\/sindesvdf.com.br\/news\/wp-content\/uploads\/2018\/01\/6-01-300x300.jpg 300w, https:\/\/sindesvdf.com.br\/news\/wp-content\/uploads\/2018\/01\/6-01-768x768.jpg 768w\" sizes=\"auto, (max-width: 400px) 100vw, 400px\" \/><\/p>\n<p style=\"text-align: justify;\">Depois que o GDF reduziu o posto de vigilante, no Centro de Sa\u00fade n\u00ba2, de tr\u00eas para apenas um por plant\u00e3o, os assaltos e tentativas de assaltos n\u00e3o param de crescer, colocando em risco a vida de pais e m\u00e3es de fam\u00edlia.<\/p>\n<p style=\"text-align: justify;\">Na madrugada do dia 12\/01, um vigilante da Ipanema que presta servi\u00e7o na Unidade do Guar\u00e1 II, sofreu tentativa de assalto. O vigilante revidou e colocou os meliantes para correr. Teve sorte, e agradecemos a Deus por sua vida, pois poderia ter acontecido uma trag\u00e9dia. Nesse Centro de Sa\u00fade funciona tamb\u00e9m um laborat\u00f3rio e um CAPS.<\/p>\n<p style=\"text-align: justify;\">Diante de mais uma trag\u00e9dia anunciada, o Sindicato dos Vigilantes conversou com o administrador do posto e enviou of\u00edcio \u00e0 diretora operacional da Secretaria de Sa\u00fade, para solicitar que os postos de sa\u00fade passem a ter 3 vigilantes novamente por plant\u00e3o.<\/p>\n<p style=\"text-align: justify;\">Para isso, estaremos percorrendo todos os postos e centros de sa\u00fade para avaliar o grau de possibilidades de sinistros que coloquem a vida dos vigilantes em risco. \u00c9 inadmiss\u00edvel que esses companheiros tenham suas vidas banalizadas pelo poder p\u00fablico.<\/p>\n<p style=\"text-align: justify;\">Estamos ainda dando toda assist\u00eancia ao vigilante v\u00edtima dessa tentativa de assalto em seu posto de servi\u00e7o.<\/p>\n<p class=\"wpf_wrapper\"><a class=\"print_link\" href=\"\" target=\"_blank\">Preparar para impress\u00e3o<\/a><\/p><!-- .wpf_wrapper -->","protected":false},"excerpt":{"rendered":"<p>Depois que o GDF reduziu o posto de vigilante, no Centro de Sa\u00fade n\u00ba2, de tr\u00eas para apenas um por&hellip; <\/p>\n","protected":false},"author":1,"featured_media":0,"comment_status":"closed","ping_status":"closed","sticky":false,"template":"","format":"standard","meta":{"footnotes":""},"categories":[7],"tags":[],"class_list":["post-9415","post","type-post","status-publish","format-standard","hentry","category-noticias"],"jetpack_featured_media_url":"","_links":{"self":[{"href":"https:\/\/sindesvdf.com.br\/news\/wp-json\/wp\/v2\/posts\/9415","targetHints":{"allow":["GET"]}}],"collection":[{"href":"https:\/\/sindesvdf.com.br\/news\/wp-json\/wp\/v2\/posts"}],"about":[{"href":"https:\/\/sindesvdf.com.br\/news\/wp-json\/wp\/v2\/types\/post"}],"author":[{"embeddable":true,"href":"https:\/\/sindesvdf.com.br\/news\/wp-json\/wp\/v2\/users\/1"}],"replies":[{"embeddable":true,"href":"https:\/\/sindesvdf.com.br\/news\/wp-json\/wp\/v2\/comments?post=9415"}],"version-history":[{"count":6,"href":"https:\/\/sindesvdf.com.br\/news\/wp-json\/wp\/v2\/posts\/9415\/revisions"}],"predecessor-version":[{"id":9429,"href":"https:\/\/sindesvdf.com.br\/news\/wp-json\/wp\/v2\/posts\/9415\/revisions\/9429"}],"wp:attachment":[{"href":"https:\/\/sindesvdf.com.br\/news\/wp-json\/wp\/v2\/media?parent=9415"}],"wp:term":[{"taxonomy":"category","embeddable":true,"href":"https:\/\/sindesvdf.com.br\/news\/wp-json\/wp\/v2\/categories?post=9415"},{"taxonomy":"post_tag","embeddable":true,"href":"https:\/\/sindesvdf.com.br\/news\/wp-json\/wp\/v2\/tags?post=9415"}],"curies":[{"name":"wp","href":"https:\/\/api.w.org\/{rel}","templated":true}]}}