{"id":9419,"date":"2018-01-12T16:24:18","date_gmt":"2018-01-12T18:24:18","guid":{"rendered":"http:\/\/sindesvdf.com.br\/news\/?p=9419"},"modified":"2018-01-12T17:17:59","modified_gmt":"2018-01-12T19:17:59","slug":"esclarecimento-sobre-o-estudo-para-trocar-vigilante-por-porteiro","status":"publish","type":"post","link":"https:\/\/sindesvdf.com.br\/news\/esclarecimento-sobre-o-estudo-para-trocar-vigilante-por-porteiro\/","title":{"rendered":"Esclarecimento sobre o estudo para trocar vigilante por porteiro"},"content":{"rendered":"<p><img loading=\"lazy\" decoding=\"async\" class=\"wp-image-9420 alignright\" src=\"http:\/\/sindesvdf.com.br\/news\/wp-content\/uploads\/2018\/01\/porteiro1-01-790x790.jpg\" alt=\"\" width=\"400\" height=\"400\" srcset=\"https:\/\/sindesvdf.com.br\/news\/wp-content\/uploads\/2018\/01\/porteiro1-01-790x790.jpg 790w, https:\/\/sindesvdf.com.br\/news\/wp-content\/uploads\/2018\/01\/porteiro1-01-150x150.jpg 150w, https:\/\/sindesvdf.com.br\/news\/wp-content\/uploads\/2018\/01\/porteiro1-01-300x300.jpg 300w, https:\/\/sindesvdf.com.br\/news\/wp-content\/uploads\/2018\/01\/porteiro1-01-768x768.jpg 768w\" sizes=\"auto, (max-width: 400px) 100vw, 400px\" \/><\/p>\n<p style=\"text-align: left;\">Antes da conclus\u00e3o da licita\u00e7\u00e3o que o GDF fez para servi\u00e7o de seguran\u00e7a privada, o Tribunal de Contas do DF, atrav\u00e9s do item III, \u201cq\u201d, da Decis\u00e3o n\u00ba 5277\/2016, estabeleceu a cria\u00e7\u00e3o de Grupo de Trabalho visando \u00e0 realiza\u00e7\u00e3o de estudos amplos que abrangem o conjunto de servi\u00e7os visando a garantia e a moderniza\u00e7\u00e3o da seguran\u00e7a do patrim\u00f4nio p\u00fablico.<\/p>\n<p style=\"text-align: left;\">Na \u00e9poca, o GDF criou um Grupo de Trabalho que agora est\u00e1 em fase de conclus\u00e3o. No entanto, substituir porteiro para exercer atividade de seguran\u00e7a privada \u00e9 proibido pela Lei 7.102.<\/p>\n<p style=\"text-align: left;\">Por isso, o Sindicato tranquiliza os vigilantes pois esta situa\u00e7\u00e3o, se for levada adiante, levar\u00e1 muito tempo para ser conclu\u00edda. N\u00e3o podemos entrar nesse clima de desespero, pois al\u00e9m de tudo, a categoria tem o Sindicato e os deputados Chico Vigilante e Erika Kokay para lutar em defesa dos interesses dos vigilantes.<\/p>\n<p style=\"text-align: left;\">Vamos manter o foco em nossas reivindica\u00e7\u00f5es, pois estamos em Campanha Salarial e as negocia\u00e7\u00f5es est\u00e3o acontecendo. Assim que tivermos uma proposta, chamaremos uma Assembleia Geral para a categoria avaliar a mesma.<\/p>\n<p style=\"text-align: left;\">O momento agora \u00e9 de mobiliza\u00e7\u00e3o, uni\u00e3o e luta.<\/p>\n<p class=\"wpf_wrapper\"><a class=\"print_link\" href=\"\" target=\"_blank\">Preparar para impress\u00e3o<\/a><\/p><!-- .wpf_wrapper -->","protected":false},"excerpt":{"rendered":"<p>Antes da conclus\u00e3o da licita\u00e7\u00e3o que o GDF fez para servi\u00e7o de seguran\u00e7a privada, o Tribunal de Contas do DF,&hellip; <\/p>\n","protected":false},"author":1,"featured_media":0,"comment_status":"closed","ping_status":"closed","sticky":false,"template":"","format":"standard","meta":{"footnotes":""},"categories":[7],"tags":[],"class_list":["post-9419","post","type-post","status-publish","format-standard","hentry","category-noticias"],"jetpack_featured_media_url":"","_links":{"self":[{"href":"https:\/\/sindesvdf.com.br\/news\/wp-json\/wp\/v2\/posts\/9419","targetHints":{"allow":["GET"]}}],"collection":[{"href":"https:\/\/sindesvdf.com.br\/news\/wp-json\/wp\/v2\/posts"}],"about":[{"href":"https:\/\/sindesvdf.com.br\/news\/wp-json\/wp\/v2\/types\/post"}],"author":[{"embeddable":true,"href":"https:\/\/sindesvdf.com.br\/news\/wp-json\/wp\/v2\/users\/1"}],"replies":[{"embeddable":true,"href":"https:\/\/sindesvdf.com.br\/news\/wp-json\/wp\/v2\/comments?post=9419"}],"version-history":[{"count":3,"href":"https:\/\/sindesvdf.com.br\/news\/wp-json\/wp\/v2\/posts\/9419\/revisions"}],"predecessor-version":[{"id":9426,"href":"https:\/\/sindesvdf.com.br\/news\/wp-json\/wp\/v2\/posts\/9419\/revisions\/9426"}],"wp:attachment":[{"href":"https:\/\/sindesvdf.com.br\/news\/wp-json\/wp\/v2\/media?parent=9419"}],"wp:term":[{"taxonomy":"category","embeddable":true,"href":"https:\/\/sindesvdf.com.br\/news\/wp-json\/wp\/v2\/categories?post=9419"},{"taxonomy":"post_tag","embeddable":true,"href":"https:\/\/sindesvdf.com.br\/news\/wp-json\/wp\/v2\/tags?post=9419"}],"curies":[{"name":"wp","href":"https:\/\/api.w.org\/{rel}","templated":true}]}}