{"id":9471,"date":"2018-01-23T17:14:03","date_gmt":"2018-01-23T19:14:03","guid":{"rendered":"http:\/\/sindesvdf.com.br\/news\/?p=9471"},"modified":"2019-08-20T15:50:46","modified_gmt":"2019-08-20T18:50:46","slug":"atencao-vigilantes-da-multserv-tjdft","status":"publish","type":"post","link":"https:\/\/sindesvdf.com.br\/news\/atencao-vigilantes-da-multserv-tjdft\/","title":{"rendered":"Aten\u00e7\u00e3o vigilantes da Multserv\/TJDFT"},"content":{"rendered":"<p><img loading=\"lazy\" decoding=\"async\" class=\"alignleft size-medium wp-image-9480\" src=\"http:\/\/sindesvdf.com.br\/news\/wp-content\/uploads\/2018\/01\/plat\u00e3o-Lupa-1-300x300.png\" alt=\"\" width=\"300\" height=\"300\" srcset=\"https:\/\/sindesvdf.com.br\/news\/wp-content\/uploads\/2018\/01\/plat\u00e3o-Lupa-1-300x300.png 300w, https:\/\/sindesvdf.com.br\/news\/wp-content\/uploads\/2018\/01\/plat\u00e3o-Lupa-1-150x150.png 150w, https:\/\/sindesvdf.com.br\/news\/wp-content\/uploads\/2018\/01\/plat\u00e3o-Lupa-1-768x768.png 768w, https:\/\/sindesvdf.com.br\/news\/wp-content\/uploads\/2018\/01\/plat\u00e3o-Lupa-1-790x790.png 790w, https:\/\/sindesvdf.com.br\/news\/wp-content\/uploads\/2018\/01\/plat\u00e3o-Lupa-1.png 1686w\" sizes=\"auto, (max-width: 300px) 100vw, 300px\" \/>O Sindicato convoca todos os vigilantes que prestam servi\u00e7o no TJDFT \u2013 Tribunal de Justi\u00e7a do DF e dos Territ\u00f3rios para participarem de Ato P\u00fablico cobrando o t\u00edquete alimenta\u00e7\u00e3o que a empresa n\u00e3o est\u00e1 pagando.<\/p>\n<p>Vamos \u00e0 luta para sensibilizar os desembargadores do Tribunal para que determinem \u00e0 dire\u00e7\u00e3o da Empresa o imediato pagamento do benef\u00edcio que \u00e9 muito importante para o trabalhador no sustento de sua fam\u00edlia.<\/p>\n<p>Contamos com a sua presen\u00e7a.<\/p>\n<p style=\"text-align: center;\"><strong><span style=\"font-size: 18px;\">ATO P\u00daBLICO EM DEFESA DO PAGAMENTO DO T\u00cdQUETE ALIMENTA\u00c7\u00c3O<\/span><\/strong><br \/>\n<span style=\"font-size: 18px;\"> DIA: 25\/01 \u2013 Quinta-Feira, \u00e0s 8h da manh\u00e3<\/span><\/p>\n<p style=\"text-align: center;\"><span style=\"font-size: 18px;\">Local: Em frente ao Ed. Sede do TJDFT (em frente \u00e0 Pra\u00e7a do Buriti)<\/span><\/p>\n<hr \/>\n<p style=\"text-align: center;\"><strong>SindesvDF<\/strong>\u00a0\u2013\u00a0<em>Sempre vigilante em defesa da categoria!<\/em><\/p>\n<p class=\"wpf_wrapper\"><a class=\"print_link\" href=\"\" target=\"_blank\">Preparar para impress\u00e3o<\/a><\/p><!-- .wpf_wrapper -->","protected":false},"excerpt":{"rendered":"<p>O Sindicato convoca todos os vigilantes que prestam servi\u00e7o no TJDFT \u2013 Tribunal de Justi\u00e7a do DF e dos Territ\u00f3rios&hellip; <\/p>\n","protected":false},"author":1,"featured_media":0,"comment_status":"closed","ping_status":"closed","sticky":false,"template":"","format":"standard","meta":{"footnotes":""},"categories":[7],"tags":[],"class_list":["post-9471","post","type-post","status-publish","format-standard","hentry","category-noticias"],"jetpack_featured_media_url":"","_links":{"self":[{"href":"https:\/\/sindesvdf.com.br\/news\/wp-json\/wp\/v2\/posts\/9471","targetHints":{"allow":["GET"]}}],"collection":[{"href":"https:\/\/sindesvdf.com.br\/news\/wp-json\/wp\/v2\/posts"}],"about":[{"href":"https:\/\/sindesvdf.com.br\/news\/wp-json\/wp\/v2\/types\/post"}],"author":[{"embeddable":true,"href":"https:\/\/sindesvdf.com.br\/news\/wp-json\/wp\/v2\/users\/1"}],"replies":[{"embeddable":true,"href":"https:\/\/sindesvdf.com.br\/news\/wp-json\/wp\/v2\/comments?post=9471"}],"version-history":[{"count":5,"href":"https:\/\/sindesvdf.com.br\/news\/wp-json\/wp\/v2\/posts\/9471\/revisions"}],"predecessor-version":[{"id":9484,"href":"https:\/\/sindesvdf.com.br\/news\/wp-json\/wp\/v2\/posts\/9471\/revisions\/9484"}],"wp:attachment":[{"href":"https:\/\/sindesvdf.com.br\/news\/wp-json\/wp\/v2\/media?parent=9471"}],"wp:term":[{"taxonomy":"category","embeddable":true,"href":"https:\/\/sindesvdf.com.br\/news\/wp-json\/wp\/v2\/categories?post=9471"},{"taxonomy":"post_tag","embeddable":true,"href":"https:\/\/sindesvdf.com.br\/news\/wp-json\/wp\/v2\/tags?post=9471"}],"curies":[{"name":"wp","href":"https:\/\/api.w.org\/{rel}","templated":true}]}}