{"id":9474,"date":"2018-01-23T17:32:14","date_gmt":"2018-01-23T19:32:14","guid":{"rendered":"http:\/\/sindesvdf.com.br\/news\/?p=9474"},"modified":"2019-08-20T15:50:30","modified_gmt":"2019-08-20T18:50:30","slug":"atencao-vigilantes-da-confederal-secretaria-de-saude","status":"publish","type":"post","link":"https:\/\/sindesvdf.com.br\/news\/atencao-vigilantes-da-confederal-secretaria-de-saude\/","title":{"rendered":"Aten\u00e7\u00e3o vigilantes da Confederal \/ Secretaria de Sa\u00fade"},"content":{"rendered":"<p style=\"text-align: left;\"><img loading=\"lazy\" decoding=\"async\" class=\"alignleft size-medium wp-image-9478\" src=\"http:\/\/sindesvdf.com.br\/news\/wp-content\/uploads\/2018\/01\/plat\u00e3o-Lupa-300x300.png\" alt=\"\" width=\"300\" height=\"300\" srcset=\"https:\/\/sindesvdf.com.br\/news\/wp-content\/uploads\/2018\/01\/plat\u00e3o-Lupa-300x300.png 300w, https:\/\/sindesvdf.com.br\/news\/wp-content\/uploads\/2018\/01\/plat\u00e3o-Lupa-150x150.png 150w, https:\/\/sindesvdf.com.br\/news\/wp-content\/uploads\/2018\/01\/plat\u00e3o-Lupa-768x768.png 768w, https:\/\/sindesvdf.com.br\/news\/wp-content\/uploads\/2018\/01\/plat\u00e3o-Lupa-790x790.png 790w, https:\/\/sindesvdf.com.br\/news\/wp-content\/uploads\/2018\/01\/plat\u00e3o-Lupa.png 1686w\" sizes=\"auto, (max-width: 300px) 100vw, 300px\" \/>No dia 25\/01 (quinta-feira) \u00e0s 9h, acontecer\u00e1 Audi\u00eancia de A\u00e7\u00e3o Cautelar contra Confederal pedindo bloqueio de faturas para pagamento\u00a0de verbas\u00a0rescis\u00f3rias dos trabalhadores.<\/p>\n<p style=\"text-align: left;\">O Sindicato dar\u00e1 maiores\u00a0informa\u00e7\u00f5es ap\u00f3s realiza\u00e7\u00e3o da Audi\u00eancia.<\/p>\n<p style=\"text-align: justify;\">Para consulta acesse: <a href=\"http:\/\/bit.ly\/2DzqmF5\">http:\/\/bit.ly\/2DzqmF5<\/a><br \/>\n<strong>N\u00ba\u00a0 do Processo:<\/strong> 0001464-38.2017.5.10.0009<\/p>\n<hr \/>\n<p style=\"text-align: center;\"><strong>SindesvDF<\/strong>\u00a0\u2013\u00a0<em>Sempre vigilante em defesa da categoria!<\/em><\/p>\n<p class=\"wpf_wrapper\"><a class=\"print_link\" href=\"\" target=\"_blank\">Preparar para impress\u00e3o<\/a><\/p><!-- .wpf_wrapper -->","protected":false},"excerpt":{"rendered":"<p>No dia 25\/01 (quinta-feira) \u00e0s 9h, acontecer\u00e1 Audi\u00eancia de A\u00e7\u00e3o Cautelar contra Confederal pedindo bloqueio de faturas para pagamento\u00a0de verbas\u00a0rescis\u00f3rias&hellip; <\/p>\n","protected":false},"author":1,"featured_media":0,"comment_status":"closed","ping_status":"closed","sticky":false,"template":"","format":"standard","meta":{"footnotes":""},"categories":[7],"tags":[],"class_list":["post-9474","post","type-post","status-publish","format-standard","hentry","category-noticias"],"jetpack_featured_media_url":"","_links":{"self":[{"href":"https:\/\/sindesvdf.com.br\/news\/wp-json\/wp\/v2\/posts\/9474","targetHints":{"allow":["GET"]}}],"collection":[{"href":"https:\/\/sindesvdf.com.br\/news\/wp-json\/wp\/v2\/posts"}],"about":[{"href":"https:\/\/sindesvdf.com.br\/news\/wp-json\/wp\/v2\/types\/post"}],"author":[{"embeddable":true,"href":"https:\/\/sindesvdf.com.br\/news\/wp-json\/wp\/v2\/users\/1"}],"replies":[{"embeddable":true,"href":"https:\/\/sindesvdf.com.br\/news\/wp-json\/wp\/v2\/comments?post=9474"}],"version-history":[{"count":5,"href":"https:\/\/sindesvdf.com.br\/news\/wp-json\/wp\/v2\/posts\/9474\/revisions"}],"predecessor-version":[{"id":9496,"href":"https:\/\/sindesvdf.com.br\/news\/wp-json\/wp\/v2\/posts\/9474\/revisions\/9496"}],"wp:attachment":[{"href":"https:\/\/sindesvdf.com.br\/news\/wp-json\/wp\/v2\/media?parent=9474"}],"wp:term":[{"taxonomy":"category","embeddable":true,"href":"https:\/\/sindesvdf.com.br\/news\/wp-json\/wp\/v2\/categories?post=9474"},{"taxonomy":"post_tag","embeddable":true,"href":"https:\/\/sindesvdf.com.br\/news\/wp-json\/wp\/v2\/tags?post=9474"}],"curies":[{"name":"wp","href":"https:\/\/api.w.org\/{rel}","templated":true}]}}