{"id":9498,"date":"2018-01-25T17:15:06","date_gmt":"2018-01-25T19:15:06","guid":{"rendered":"http:\/\/sindesvdf.com.br\/news\/?p=9498"},"modified":"2018-01-25T17:42:32","modified_gmt":"2018-01-25T19:42:32","slug":"sindicato-realiza-ato-publico-em-frente-ao-tjdft-pelo-pagamento-do-tiquete-aos-vigilantes-da-multserv","status":"publish","type":"post","link":"https:\/\/sindesvdf.com.br\/news\/sindicato-realiza-ato-publico-em-frente-ao-tjdft-pelo-pagamento-do-tiquete-aos-vigilantes-da-multserv\/","title":{"rendered":"Sindicato realiza ato p\u00fablico em frente ao TJDFT pelo pagamento do t\u00edquete aos vigilantes da Multserv"},"content":{"rendered":"<p>&nbsp;<\/p>\n<p><img loading=\"lazy\" decoding=\"async\" class=\"alignleft wp-image-9499 size-medium\" src=\"http:\/\/sindesvdf.com.br\/news\/wp-content\/uploads\/2018\/01\/ato-p\u00fablico-300x225.jpg\" alt=\"\" width=\"300\" height=\"225\" srcset=\"https:\/\/sindesvdf.com.br\/news\/wp-content\/uploads\/2018\/01\/ato-p\u00fablico-300x225.jpg 300w, https:\/\/sindesvdf.com.br\/news\/wp-content\/uploads\/2018\/01\/ato-p\u00fablico-768x577.jpg 768w, https:\/\/sindesvdf.com.br\/news\/wp-content\/uploads\/2018\/01\/ato-p\u00fablico-790x593.jpg 790w, https:\/\/sindesvdf.com.br\/news\/wp-content\/uploads\/2018\/01\/ato-p\u00fablico-150x113.jpg 150w, https:\/\/sindesvdf.com.br\/news\/wp-content\/uploads\/2018\/01\/ato-p\u00fablico-200x150.jpg 200w\" sizes=\"auto, (max-width: 300px) 100vw, 300px\" \/><\/p>\n<p><span style=\"font-size: 17px;\">Na manh\u00e3 do dia 25\/01 o Sindicato dos Vigilantes realizou um ato p\u00fablico em frente ao TJDFT em protesto ao n\u00e3o pagamento do t\u00edquete alimenta\u00e7\u00e3o dos vigilantes que prestam servi\u00e7o no \u00f3rg\u00e3o. Ao mesmo tempo, solicitamos ao presidente do Tribunal que determinasse \u00e0 empresa Multserv o pagamento do benef\u00edcio.<\/span><\/p>\n<p>&nbsp;<\/p>\n<p>&nbsp;<\/p>\n<p><strong>Assista ao v\u00eddeo:<\/strong><\/p>\n<div style=\"width: 640px;\" class=\"wp-video\"><video class=\"wp-video-shortcode\" id=\"video-9498-1\" width=\"640\" height=\"480\" preload=\"metadata\" controls=\"controls\"><source type=\"video\/mp4\" src=\"http:\/\/sindesvdf.com.br\/news\/wp-content\/uploads\/2018\/01\/manifestacaoTJDFT.mp4?_=1\" \/><a href=\"http:\/\/sindesvdf.com.br\/news\/wp-content\/uploads\/2018\/01\/manifestacaoTJDFT.mp4\">http:\/\/sindesvdf.com.br\/news\/wp-content\/uploads\/2018\/01\/manifestacaoTJDFT.mp4<\/a><\/video><\/div>\n<p class=\"wpf_wrapper\"><a class=\"print_link\" href=\"\" target=\"_blank\">Preparar para impress\u00e3o<\/a><\/p><!-- .wpf_wrapper -->","protected":false},"excerpt":{"rendered":"<p>&nbsp; Na manh\u00e3 do dia 25\/01 o Sindicato dos Vigilantes realizou um ato p\u00fablico em frente ao TJDFT em protesto&hellip; <\/p>\n","protected":false},"author":1,"featured_media":0,"comment_status":"closed","ping_status":"closed","sticky":false,"template":"","format":"standard","meta":{"footnotes":""},"categories":[7],"tags":[],"class_list":["post-9498","post","type-post","status-publish","format-standard","hentry","category-noticias"],"jetpack_featured_media_url":"","_links":{"self":[{"href":"https:\/\/sindesvdf.com.br\/news\/wp-json\/wp\/v2\/posts\/9498","targetHints":{"allow":["GET"]}}],"collection":[{"href":"https:\/\/sindesvdf.com.br\/news\/wp-json\/wp\/v2\/posts"}],"about":[{"href":"https:\/\/sindesvdf.com.br\/news\/wp-json\/wp\/v2\/types\/post"}],"author":[{"embeddable":true,"href":"https:\/\/sindesvdf.com.br\/news\/wp-json\/wp\/v2\/users\/1"}],"replies":[{"embeddable":true,"href":"https:\/\/sindesvdf.com.br\/news\/wp-json\/wp\/v2\/comments?post=9498"}],"version-history":[{"count":5,"href":"https:\/\/sindesvdf.com.br\/news\/wp-json\/wp\/v2\/posts\/9498\/revisions"}],"predecessor-version":[{"id":9505,"href":"https:\/\/sindesvdf.com.br\/news\/wp-json\/wp\/v2\/posts\/9498\/revisions\/9505"}],"wp:attachment":[{"href":"https:\/\/sindesvdf.com.br\/news\/wp-json\/wp\/v2\/media?parent=9498"}],"wp:term":[{"taxonomy":"category","embeddable":true,"href":"https:\/\/sindesvdf.com.br\/news\/wp-json\/wp\/v2\/categories?post=9498"},{"taxonomy":"post_tag","embeddable":true,"href":"https:\/\/sindesvdf.com.br\/news\/wp-json\/wp\/v2\/tags?post=9498"}],"curies":[{"name":"wp","href":"https:\/\/api.w.org\/{rel}","templated":true}]}}