{"id":9524,"date":"2018-01-30T12:12:09","date_gmt":"2018-01-30T14:12:09","guid":{"rendered":"http:\/\/sindesvdf.com.br\/news\/?p=9524"},"modified":"2018-01-30T16:47:02","modified_gmt":"2018-01-30T18:47:02","slug":"empresarios-querem-dividir-o-tiquete-50-em-tiquete-alimentacao-e-50-em-cesta-basica","status":"publish","type":"post","link":"https:\/\/sindesvdf.com.br\/news\/empresarios-querem-dividir-o-tiquete-50-em-tiquete-alimentacao-e-50-em-cesta-basica\/","title":{"rendered":"Empres\u00e1rios querem dividir o t\u00edquete: 50% em t\u00edquete alimenta\u00e7\u00e3o e 50% em cesta b\u00e1sica"},"content":{"rendered":"<p><img loading=\"lazy\" decoding=\"async\" class=\"wp-image-9527 size-large aligncenter\" src=\"http:\/\/sindesvdf.com.br\/news\/wp-content\/uploads\/2018\/01\/teste-5-01-1-790x451.jpg\" alt=\"\" width=\"750\" height=\"428\" srcset=\"https:\/\/sindesvdf.com.br\/news\/wp-content\/uploads\/2018\/01\/teste-5-01-1-790x451.jpg 790w, https:\/\/sindesvdf.com.br\/news\/wp-content\/uploads\/2018\/01\/teste-5-01-1-300x171.jpg 300w, https:\/\/sindesvdf.com.br\/news\/wp-content\/uploads\/2018\/01\/teste-5-01-1-768x439.jpg 768w, https:\/\/sindesvdf.com.br\/news\/wp-content\/uploads\/2018\/01\/teste-5-01-1-150x86.jpg 150w, https:\/\/sindesvdf.com.br\/news\/wp-content\/uploads\/2018\/01\/teste-5-01-1-250x143.jpg 250w, https:\/\/sindesvdf.com.br\/news\/wp-content\/uploads\/2018\/01\/teste-5-01-1-700x400.jpg 700w\" sizes=\"auto, (max-width: 750px) 100vw, 750px\" \/><\/p>\n<p><span style=\"font-size: 16px;\">Ap\u00f3s dez rodadas de negocia\u00e7\u00e3o e at\u00e9 a presente data, os empres\u00e1rios apresentaram v\u00e1rios retrocessos, dentre eles:<\/span><\/p>\n<p><span style=\"font-size: 16px;\">&#8211; Pagar metade do t\u00edquete em dinheiro e a outra metade em cesta b\u00e1sica;<\/span><\/p>\n<p><span style=\"font-size: 16px;\">&#8211; Querem alterar o seguro de vida, tirando o fundo compensat\u00f3rio e os vigilantes s\u00f3 poder\u00e3o receber o benef\u00edcio em caso de morte ou invalidez provocada por acidente de trabalho;<\/span><\/p>\n<p><span style=\"font-size: 16px;\">&#8211; Dentre outras maldades da reforma trabalhista que querem empurrar na nossa Conven\u00e7\u00e3o Coletiva de Trabalho (CCT).<\/span><\/p>\n<p><span style=\"font-size: 16px;\">N\u00e3o podemos aceitar esses retrocessos que alguns empres\u00e1rios tentam impor \u00e0 categoria e \u00e9 chegada a hora da luta. \u00c9 de fundamental import\u00e2ncia que os vigilantes estejam unidos e mobilizados para buscarmos uma grande vit\u00f3ria e barrar a reforma trabalhista na nossa CCT. Juntos, faremos a diferen\u00e7a.<\/span><\/p>\n<p><span style=\"font-size: 16px;\">Contamos com a presen\u00e7a de todos e todas em nossa pr\u00f3xima Assembleia Geral. A luta e o momento dif\u00edcil exigem a sua participa\u00e7\u00e3o.<\/span><\/p>\n<p style=\"text-align: center;\"><span style=\"font-size: 16px;\"><strong>ASSEMBLEIA GERAL<br \/>\n<\/strong>DIA: 03\/02 &#8211; S\u00e1bado, \u00e0s 8h da manh\u00e3<br \/>\nLOCAL: No estacionamento do Conic, em frente \u00e0 Casa de Chocolate.<\/span><\/p>\n<p>&nbsp;<\/p>\n<div style=\"width: 352px;\" class=\"wp-video\"><video class=\"wp-video-shortcode\" id=\"video-9524-1\" width=\"352\" height=\"240\" preload=\"metadata\" controls=\"controls\"><source type=\"video\/mp4\" src=\"http:\/\/sindesvdf.com.br\/news\/wp-content\/uploads\/2018\/01\/Assembleia-1.mp4?_=1\" \/><a href=\"http:\/\/sindesvdf.com.br\/news\/wp-content\/uploads\/2018\/01\/Assembleia-1.mp4\">http:\/\/sindesvdf.com.br\/news\/wp-content\/uploads\/2018\/01\/Assembleia-1.mp4<\/a><\/video><\/div>\n<p class=\"wpf_wrapper\"><a class=\"print_link\" href=\"\" target=\"_blank\">Preparar para impress\u00e3o<\/a><\/p><!-- .wpf_wrapper -->","protected":false},"excerpt":{"rendered":"<p>Ap\u00f3s dez rodadas de negocia\u00e7\u00e3o e at\u00e9 a presente data, os empres\u00e1rios apresentaram v\u00e1rios retrocessos, dentre eles: &#8211; Pagar metade&hellip; <\/p>\n","protected":false},"author":1,"featured_media":0,"comment_status":"closed","ping_status":"closed","sticky":false,"template":"","format":"standard","meta":{"footnotes":""},"categories":[7],"tags":[],"class_list":["post-9524","post","type-post","status-publish","format-standard","hentry","category-noticias"],"jetpack_featured_media_url":"","_links":{"self":[{"href":"https:\/\/sindesvdf.com.br\/news\/wp-json\/wp\/v2\/posts\/9524","targetHints":{"allow":["GET"]}}],"collection":[{"href":"https:\/\/sindesvdf.com.br\/news\/wp-json\/wp\/v2\/posts"}],"about":[{"href":"https:\/\/sindesvdf.com.br\/news\/wp-json\/wp\/v2\/types\/post"}],"author":[{"embeddable":true,"href":"https:\/\/sindesvdf.com.br\/news\/wp-json\/wp\/v2\/users\/1"}],"replies":[{"embeddable":true,"href":"https:\/\/sindesvdf.com.br\/news\/wp-json\/wp\/v2\/comments?post=9524"}],"version-history":[{"count":7,"href":"https:\/\/sindesvdf.com.br\/news\/wp-json\/wp\/v2\/posts\/9524\/revisions"}],"predecessor-version":[{"id":9542,"href":"https:\/\/sindesvdf.com.br\/news\/wp-json\/wp\/v2\/posts\/9524\/revisions\/9542"}],"wp:attachment":[{"href":"https:\/\/sindesvdf.com.br\/news\/wp-json\/wp\/v2\/media?parent=9524"}],"wp:term":[{"taxonomy":"category","embeddable":true,"href":"https:\/\/sindesvdf.com.br\/news\/wp-json\/wp\/v2\/categories?post=9524"},{"taxonomy":"post_tag","embeddable":true,"href":"https:\/\/sindesvdf.com.br\/news\/wp-json\/wp\/v2\/tags?post=9524"}],"curies":[{"name":"wp","href":"https:\/\/api.w.org\/{rel}","templated":true}]}}