{"id":9533,"date":"2018-01-30T15:48:12","date_gmt":"2018-01-30T17:48:12","guid":{"rendered":"http:\/\/sindesvdf.com.br\/news\/?p=9533"},"modified":"2018-01-30T15:54:46","modified_gmt":"2018-01-30T17:54:46","slug":"pmdf-quer-terceirizar-seguranca-dos-quarteis","status":"publish","type":"post","link":"https:\/\/sindesvdf.com.br\/news\/pmdf-quer-terceirizar-seguranca-dos-quarteis\/","title":{"rendered":"PMDF quer terceirizar seguran\u00e7a dos quart\u00e9is"},"content":{"rendered":"<p><img loading=\"lazy\" decoding=\"async\" class=\"aligncenter size-large wp-image-9535\" src=\"http:\/\/sindesvdf.com.br\/news\/wp-content\/uploads\/2018\/01\/pmdf1-790x510.jpg\" alt=\"\" width=\"750\" height=\"484\" srcset=\"https:\/\/sindesvdf.com.br\/news\/wp-content\/uploads\/2018\/01\/pmdf1-790x510.jpg 790w, https:\/\/sindesvdf.com.br\/news\/wp-content\/uploads\/2018\/01\/pmdf1-300x194.jpg 300w, https:\/\/sindesvdf.com.br\/news\/wp-content\/uploads\/2018\/01\/pmdf1-768x496.jpg 768w, https:\/\/sindesvdf.com.br\/news\/wp-content\/uploads\/2018\/01\/pmdf1-150x97.jpg 150w, https:\/\/sindesvdf.com.br\/news\/wp-content\/uploads\/2018\/01\/pmdf1-232x150.jpg 232w, https:\/\/sindesvdf.com.br\/news\/wp-content\/uploads\/2018\/01\/pmdf1.jpg 840w\" sizes=\"auto, (max-width: 750px) 100vw, 750px\" \/><\/p>\n<p>A Pol\u00edcia Militar do Distrito Federal estuda a possibilidade de contratar vigilantes para fazer a seguran\u00e7a dos quart\u00e9is. Atualmente, a prote\u00e7\u00e3o das unidades \u00e9 feita pelos pr\u00f3prios integrantes da corpora\u00e7\u00e3o, normalmente sargentos e subtenentes.<\/p>\n<p>Com o argumento de que tal fun\u00e7\u00e3o reduz o efetivo de PMs patrulhando as ruas, um grupo de trabalho em fase de montagem come\u00e7ou a estudar a viabilidade de colocar nas m\u00e3os da iniciativa privada a guarda dos batalh\u00f5es. A fim de agilizar o processo, o gerente da comiss\u00e3o j\u00e1 foi escolhido para fazer a terceiriza\u00e7\u00e3o do servi\u00e7o sair do papel. Trata-se do tenente-coronel Gilmar da Silva Ferreira.<\/p>\n<p>Como os estudos est\u00e3o em fase inicial, ainda n\u00e3o h\u00e1 previs\u00e3o de or\u00e7amento nem do efetivo de vigilantes necess\u00e1rio para zelar pelas unidades.<\/p>\n<p>A comunica\u00e7\u00e3o social da PM informou que os detalhes ser\u00e3o divulgados ap\u00f3s o t\u00e9rmino do relat\u00f3rio. <em>\u201cO estudo da comiss\u00e3o ser\u00e1 justamente para analisar os pr\u00f3s e contras. Ap\u00f3s a conclus\u00e3o da comiss\u00e3o, teremos uma resposta, se faremos ou n\u00e3o essa mudan\u00e7a e, se sim, como ser\u00e1 feita\u201d<\/em>, informou. Gilmar da Silva Ferreira tamb\u00e9m ter\u00e1 de encaminhar um documento mensal sobre o andamento do projeto ao comando da corpora\u00e7\u00e3o.<\/p>\n<p>Para o professor de finan\u00e7as da Universidade de Bras\u00edlia Jos\u00e9 Matias-Pereira, soa estranho terceirizar a seguran\u00e7a em quart\u00e9is. Por\u00e9m, ele pondera que, na administra\u00e7\u00e3o p\u00fablica, \u00e9 preciso procurar a op\u00e7\u00e3o mais adequada, conveniente e menos dispendiosa aos cofres p\u00fablicos: \u201c<em>Nessas situa\u00e7\u00f5es, \u00e9 interessante que o governo d\u00ea muita transpar\u00eancia ao processo. O secret\u00e1rio de Seguran\u00e7a deve mostrar para a popula\u00e7\u00e3o qual ser\u00e1 o ganho por tr\u00e1s da mudan\u00e7a. \u00c9 necess\u00e1rio mostrar os benef\u00edcios\u201d, <\/em>concluiu Matias-Pereira.<\/p>\n<p><strong>\u201cS\u00edndrome da inutilidade\u201d<\/strong><br \/>\nO sargento da Pol\u00edcia Militar e especialista em seguran\u00e7a p\u00fablica Aderivaldo Cardoso avalia a cria\u00e7\u00e3o do grupo de estudo como uma medida ben\u00e9fica \u00e0 popula\u00e7\u00e3o da capital do pa\u00eds. <em>\u201c\u00c9 uma demanda antiga. Em \u00e9poca de baixo efetivo, reservar uma equipe para a guarda diminui o n\u00famero de policiais nas ruas. As pol\u00edcias Rodovi\u00e1ria (PRF) e Federal (PF) j\u00e1 aderiram \u00e0 terceiriza\u00e7\u00e3o, e deu certo\u201d<\/em>, defendeu.<\/p>\n<p>O vice-presidente da Associa\u00e7\u00e3o dos Pra\u00e7as Policiais e Bombeiros Militares do Distrito Federal (Aspra), Manoel Sans\u00e3o Alves Barbosa, disse tamb\u00e9m enxergar com bons olhos a iniciativa. <em>\u201cQuando voc\u00ea chega na Pol\u00edcia Federal, n\u00e3o \u00e9 atendido por um agente de pol\u00edcia na porta. O servi\u00e7o \u00e9 feito por vigilantes e, por sinal, muito bem executado. A sociedade precisa de mais policiais nas ruas, e esse projeto pode garantir isso\u201d<\/em>, afirmou.<\/p>\n<p><strong>PCDF defende projeto<\/strong><br \/>\nEntre as for\u00e7as de seguran\u00e7a do DF, a Pol\u00edcia Civil conta com o servi\u00e7o terceirizado no Departamento de Pol\u00edcia Especializada (DPE). Agentes, entretanto, informaram \u00e0 reportagem que a contrata\u00e7\u00e3o de vigilantes tamb\u00e9m seria importante nas delegacias circunscricionais, localizadas nas regi\u00f5es administrativas.<\/p>\n<p><em>\u201cO ideal seria a constru\u00e7\u00e3o de guaritas nas DPs, com vigilantes controlando quem entra e sai. N\u00e3o s\u00e3o raros os casos de roubos e furtos, principalmente de ve\u00edculos, dentro das delegacias. Trabalhamos dentro das unidades, e n\u00e3o \u00e9 poss\u00edvel monitorar o que ocorre nos arredores\u201d,<\/em> disse um policial que pediu para n\u00e3o ser identificado.<\/p>\n<p>O Sindicato dos Policiais Civis (Sinpol) concorda com o posicionamento do servidor<em>. \u201cSeria interessante contratar empresas de vigil\u00e2ncia para guarnecer as \u00e1reas externas das unidades policiais. Atualmente, os plant\u00f5es est\u00e3o com equipes muito reduzidas e mal conseguem atender as demandas. \u201cH\u00e1 muitos ve\u00edculos apreendidos nos p\u00e1tios das unidades que acabam sendo danificados ou furtados em raz\u00e3o dessa falta de vigil\u00e2ncia. Recentemente, um carro foi incendiado no p\u00e1tio da 35\u00aa DP (Sobradinho)\u201d, <\/em>conta o presidente do Sinpol, Rodrigo Franco.<\/p>\n<p>O Deputado Chico Vigilante tamb\u00e9m se posicionou a favor da ideia: <em>\u201cEu, enquanto Deputado Distrital apoio a ideia, o Sindicato dos Vigilantes tamb\u00e9m est\u00e1 apoiando porque ela libera os policiais para a a\u00e7\u00e3o de rua que \u00e9 pra isso que eles est\u00e3o preparados e cria emprego de vigilante\u201d<\/em> concluiu.<\/p>\n<p style=\"text-align: right;\">Com informa\u00e7\u00f5es do <span style=\"color: #ff0000;\"><strong>Metr\u00f3poles<\/strong><\/span><\/p>\n<p class=\"wpf_wrapper\"><a class=\"print_link\" href=\"\" target=\"_blank\">Preparar para impress\u00e3o<\/a><\/p><!-- .wpf_wrapper -->","protected":false},"excerpt":{"rendered":"<p>A Pol\u00edcia Militar do Distrito Federal estuda a possibilidade de contratar vigilantes para fazer a seguran\u00e7a dos quart\u00e9is. Atualmente, a&hellip; <\/p>\n","protected":false},"author":1,"featured_media":0,"comment_status":"closed","ping_status":"closed","sticky":false,"template":"","format":"standard","meta":{"footnotes":""},"categories":[7],"tags":[],"class_list":["post-9533","post","type-post","status-publish","format-standard","hentry","category-noticias"],"jetpack_featured_media_url":"","_links":{"self":[{"href":"https:\/\/sindesvdf.com.br\/news\/wp-json\/wp\/v2\/posts\/9533","targetHints":{"allow":["GET"]}}],"collection":[{"href":"https:\/\/sindesvdf.com.br\/news\/wp-json\/wp\/v2\/posts"}],"about":[{"href":"https:\/\/sindesvdf.com.br\/news\/wp-json\/wp\/v2\/types\/post"}],"author":[{"embeddable":true,"href":"https:\/\/sindesvdf.com.br\/news\/wp-json\/wp\/v2\/users\/1"}],"replies":[{"embeddable":true,"href":"https:\/\/sindesvdf.com.br\/news\/wp-json\/wp\/v2\/comments?post=9533"}],"version-history":[{"count":4,"href":"https:\/\/sindesvdf.com.br\/news\/wp-json\/wp\/v2\/posts\/9533\/revisions"}],"predecessor-version":[{"id":9538,"href":"https:\/\/sindesvdf.com.br\/news\/wp-json\/wp\/v2\/posts\/9533\/revisions\/9538"}],"wp:attachment":[{"href":"https:\/\/sindesvdf.com.br\/news\/wp-json\/wp\/v2\/media?parent=9533"}],"wp:term":[{"taxonomy":"category","embeddable":true,"href":"https:\/\/sindesvdf.com.br\/news\/wp-json\/wp\/v2\/categories?post=9533"},{"taxonomy":"post_tag","embeddable":true,"href":"https:\/\/sindesvdf.com.br\/news\/wp-json\/wp\/v2\/tags?post=9533"}],"curies":[{"name":"wp","href":"https:\/\/api.w.org\/{rel}","templated":true}]}}