{"id":9565,"date":"2018-02-05T14:01:48","date_gmt":"2018-02-05T16:01:48","guid":{"rendered":"http:\/\/sindesvdf.com.br\/news\/?p=9565"},"modified":"2018-02-06T13:32:06","modified_gmt":"2018-02-06T15:32:06","slug":"19-02-dia-nacional-de-lutas-contra-reforma-da-previdencia","status":"publish","type":"post","link":"https:\/\/sindesvdf.com.br\/news\/19-02-dia-nacional-de-lutas-contra-reforma-da-previdencia\/","title":{"rendered":"19\/02 &#8211; Dia Nacional de Lutas contra reforma da Previd\u00eancia"},"content":{"rendered":"<p><img loading=\"lazy\" decoding=\"async\" class=\"aligncenter wp-image-9566 size-full\" src=\"http:\/\/sindesvdf.com.br\/news\/wp-content\/uploads\/2018\/02\/face.jpg\" alt=\"\" width=\"600\" height=\"450\" srcset=\"https:\/\/sindesvdf.com.br\/news\/wp-content\/uploads\/2018\/02\/face.jpg 600w, https:\/\/sindesvdf.com.br\/news\/wp-content\/uploads\/2018\/02\/face-300x225.jpg 300w, https:\/\/sindesvdf.com.br\/news\/wp-content\/uploads\/2018\/02\/face-150x113.jpg 150w, https:\/\/sindesvdf.com.br\/news\/wp-content\/uploads\/2018\/02\/face-200x150.jpg 200w\" sizes=\"auto, (max-width: 600px) 100vw, 600px\" \/><\/p>\n<p>Em 2017, conseguimos impedir a vota\u00e7\u00e3o da reforma da Previd\u00eancia com a hist\u00f3rica greve geral de 28 de abril. Foi o recado dado pela classe trabalhadora ao governo golpista de que a sociedade brasileira n\u00e3o aceita a reforma porque ela significa o fim da aposentadoria.<\/p>\n<p>Mantivemos nossas bases em estado de alerta e de mobiliza\u00e7\u00e3o ao longo dos meses seguintes, pressionando os parlamentares em suas bases eleitorais, e conseguimos que a vota\u00e7\u00e3o fosse adiada para 2018.<\/p>\n<p>No entanto, o governo usurpador n\u00e3o desistiu da proposta e anunciou a decis\u00e3o de colocar reforma da Pevid\u00eancia (PEC 287\/16) em vota\u00e7\u00e3o em fevereiro. A discuss\u00e3o do projeto ser\u00e1 iniciada no pr\u00f3ximo dia 5 e sua vota\u00e7\u00e3o no Plen\u00e1rio da C\u00e2mara dos Deputados est\u00e1 prevista para o dia 19 de fevereiro.<\/p>\n<p>A CUT orienta a intensifica\u00e7\u00e3o da mobiliza\u00e7\u00e3o com o objetivo de paralisar suas bases em todas as regi\u00f5es do pa\u00eds no dia da vota\u00e7\u00e3o. Impedir a aprova\u00e7\u00e3o da reforma da Previd\u00eancia \u00e9 o principal desafio do momento.<\/p>\n<p>Para derrotar o governo golpista, \u00e9 preciso paralisar os locais de trabalho, fazer atos e manifesta\u00e7\u00f5es, ocupando ruas e pra\u00e7as, e pressionar os parlamentares em suas bases eleitorais.<\/p>\n<p>O que est\u00e1 em risco n\u00e3o \u00e9 s\u00f3 o fim da aposentadoria, mas o aprofundamento do Estado de exce\u00e7\u00e3o. Em outras palavras, \u00e9 o futuro do Pa\u00eds que est\u00e1 em jogo. O resultado desta batalha decisiva depender\u00e1 do envolvimento de cada um e cada uma, da disposi\u00e7\u00e3o de luta de todos\/as.<\/p>\n<p>\u00c9 fundamental ampliar o debate com os\u00a0trabalhadores e as trabalhadoras, mostrando os riscos contidos na proposta de reforma da Previd\u00eancia do governo golpista: o fim da aposentadoria. Mostrar a rela\u00e7\u00e3o existente entre a agenda neoliberal do governo Temer (reformas contr\u00e1rias aos interesses populares) e a candidatura de Lula (compromisso de convocar referendum para anular as medidas impopulares do atual governo).<\/p>\n<p><strong>Dia\u00a0Nacional de Lutas: Greve, \u00a0Paralisa\u00e7\u00f5es e Manifesta\u00e7\u00f5es<\/strong><\/p>\n<ol>\n<li>Realizar assembleias em todos os sindicatos filiados para debater a reforma e \u00a0organizar greves, paralisa\u00e7\u00f5es e manifesta\u00e7\u00f5es.<\/li>\n<li>Realizar plen\u00e1rias nas CUTs Estaduais para debater com os sindicatos a organiza\u00e7\u00e3o do Dia Nacional de Lutas e Paralisa\u00e7\u00f5es no Estado e tamb\u00e9m a articula\u00e7\u00e3o da CUT e dos nossos sindicatos\u00a0 com as demais Centrais\u00a0 e os movimentos populares por meio\u00a0das Frentes.<\/li>\n<li>Propor uma reuni\u00e3o o mais urgente poss\u00edvel com as Centrais nos Estados para debater as atividades no \u00a0Estado.<\/li>\n<li>Realizar reuni\u00f5es com categorias estrat\u00e9gicas em cada Estado para organizar greves, paralisa\u00e7\u00f5es e manifesta\u00e7\u00f5es.<\/li>\n<li>Os ramos devem orientar os sindicatos e federa\u00e7\u00f5es nos Estados para organizar as paralisa\u00e7\u00f5es e manifesta\u00e7\u00f5es.<\/li>\n<li>Fazer panfletagem e assembleias nos locais de trabalho.<\/li>\n<li>Criar comit\u00eas \u00a0nos munic\u00edpios, envolvendo todas as categorias organizadas e sindicatos de todas as Centrais Sindicais para planejar as a\u00e7\u00f5es locais.<\/li>\n<li>Panfletar os bairros de maior concentra\u00e7\u00e3o de trabalhadores\/as e as \u00e1reas de maior circula\u00e7\u00e3o de pessoas na cidade.<\/li>\n<li>Buscar apoio das pastorais, das associa\u00e7\u00f5es de bairro, dos movimentos populares.<\/li>\n<li>Utilizar as redes de comunica\u00e7\u00e3o dispon\u00edveis para divulgar \u00a0as greves, paralisa\u00e7\u00f5es e manifesta\u00e7\u00f5es, \u00a0esclarecendo os\/as trabalhadores\/as, assim como a popula\u00e7\u00e3o, sobre a import\u00e2ncia da luta. Divulgar os resultados da greve no munic\u00edpio, na regi\u00e3o, no Estado e no Pa\u00eds.<\/li>\n<li>Utilizar carros de som das entidades para fazer a divulga\u00e7\u00e3o da luta nas periferias.<\/li>\n<li>Utilizar r\u00e1dios locais e comunit\u00e1rias para ampliar o debate contra a reforma da Previd\u00eancia e para divulgar as a\u00e7\u00f5es programadas para o dia 19\/02.<\/li>\n<\/ol>\n<p><strong>Press\u00e3o sobre os parlamentares<\/strong><\/p>\n<p>Sabemos que a press\u00e3o sobre os parlamentares em suas bases eleitorais foi decisiva, at\u00e9 agora, para impedir o qu\u00f3rum (308 de deputados) para aprovar a reforma. Neste sentido, a Dire\u00e7\u00e3o Executiva da CUT reitera a import\u00e2ncia dos sindicatos continuarem com esta press\u00e3o, promovendo:<\/p>\n<ul>\n<li>Atos e panfletagem frente \u00e0s resid\u00eancias dos parlamentares;<\/li>\n<li>Panfletagem, coloca\u00e7\u00e3o de outdoors nas \u00e1reas de maior movimenta\u00e7\u00e3o das cidades onde os parlamentares obtiveram maior vota\u00e7\u00e3o;<\/li>\n<li>Press\u00e3o sobre os cabos eleitorais dos parlamentares;<\/li>\n<li>Articula\u00e7\u00e3o com associa\u00e7\u00f5es comunit\u00e1rias, movimentos estudantis e populares para a realiza\u00e7\u00e3o de manifesta\u00e7\u00f5es locais;<\/li>\n<li>Recep\u00e7\u00e3o nos aeroportos;<\/li>\n<li>Envio de mensagens para os gabinetes por meio do\u00a0<a href=\"https:\/\/www.napressao.org.br\/\">site\u00a0<em>Na Press\u00e3o<\/em><\/a>.<\/li>\n<\/ul>\n<p><span style=\"background-color: #ffffff;\">Ser\u00e1 mantido plant\u00e3o na CUT Nacional para coletar as informa\u00e7\u00f5es dos Estados sobre o andamento dos preparativos do dia nacional de luta, greve e paralisa\u00e7\u00f5es.<\/span><\/p>\n<p>&nbsp;<\/p>\n<p style=\"text-align: right;\"><span style=\"color: #ff0000;\"><strong>Fonte: CUT<\/strong><\/span><\/p>\n<p class=\"wpf_wrapper\"><a class=\"print_link\" href=\"\" target=\"_blank\">Preparar para impress\u00e3o<\/a><\/p><!-- .wpf_wrapper -->","protected":false},"excerpt":{"rendered":"<p>Em 2017, conseguimos impedir a vota\u00e7\u00e3o da reforma da Previd\u00eancia com a hist\u00f3rica greve geral de 28 de abril. Foi&hellip; <\/p>\n","protected":false},"author":1,"featured_media":0,"comment_status":"closed","ping_status":"closed","sticky":false,"template":"","format":"standard","meta":{"footnotes":""},"categories":[7],"tags":[],"class_list":["post-9565","post","type-post","status-publish","format-standard","hentry","category-noticias"],"jetpack_featured_media_url":"","_links":{"self":[{"href":"https:\/\/sindesvdf.com.br\/news\/wp-json\/wp\/v2\/posts\/9565","targetHints":{"allow":["GET"]}}],"collection":[{"href":"https:\/\/sindesvdf.com.br\/news\/wp-json\/wp\/v2\/posts"}],"about":[{"href":"https:\/\/sindesvdf.com.br\/news\/wp-json\/wp\/v2\/types\/post"}],"author":[{"embeddable":true,"href":"https:\/\/sindesvdf.com.br\/news\/wp-json\/wp\/v2\/users\/1"}],"replies":[{"embeddable":true,"href":"https:\/\/sindesvdf.com.br\/news\/wp-json\/wp\/v2\/comments?post=9565"}],"version-history":[{"count":1,"href":"https:\/\/sindesvdf.com.br\/news\/wp-json\/wp\/v2\/posts\/9565\/revisions"}],"predecessor-version":[{"id":9567,"href":"https:\/\/sindesvdf.com.br\/news\/wp-json\/wp\/v2\/posts\/9565\/revisions\/9567"}],"wp:attachment":[{"href":"https:\/\/sindesvdf.com.br\/news\/wp-json\/wp\/v2\/media?parent=9565"}],"wp:term":[{"taxonomy":"category","embeddable":true,"href":"https:\/\/sindesvdf.com.br\/news\/wp-json\/wp\/v2\/categories?post=9565"},{"taxonomy":"post_tag","embeddable":true,"href":"https:\/\/sindesvdf.com.br\/news\/wp-json\/wp\/v2\/tags?post=9565"}],"curies":[{"name":"wp","href":"https:\/\/api.w.org\/{rel}","templated":true}]}}