{"id":9569,"date":"2018-02-05T14:45:58","date_gmt":"2018-02-05T16:45:58","guid":{"rendered":"http:\/\/sindesvdf.com.br\/news\/?p=9569"},"modified":"2018-02-07T08:42:10","modified_gmt":"2018-02-07T10:42:10","slug":"vigilantes-decidem-nenhum-direito-a-menos-cesta-nao-tiquete-sim-assembleia-com-indicativo-de-greve-dia-20-02-as-19h30","status":"publish","type":"post","link":"https:\/\/sindesvdf.com.br\/news\/vigilantes-decidem-nenhum-direito-a-menos-cesta-nao-tiquete-sim-assembleia-com-indicativo-de-greve-dia-20-02-as-19h30\/","title":{"rendered":"Vigilantes decidem: Nenhum direito a menos. Cesta, n\u00e3o! T\u00edquete, sim."},"content":{"rendered":"<div id=\"m_2391118985821144598yui_3_16_0_ym19_1_1517829845455_3229\"><span id=\"m_2391118985821144598yui_3_16_0_ym19_1_1517829845455_3230\"><img loading=\"lazy\" decoding=\"async\" class=\"aligncenter size-large wp-image-9570\" src=\"http:\/\/sindesvdf.com.br\/news\/wp-content\/uploads\/2018\/02\/7-01-790x564.jpg\" alt=\"\" width=\"750\" height=\"535\" srcset=\"https:\/\/sindesvdf.com.br\/news\/wp-content\/uploads\/2018\/02\/7-01-790x564.jpg 790w, https:\/\/sindesvdf.com.br\/news\/wp-content\/uploads\/2018\/02\/7-01-300x214.jpg 300w, https:\/\/sindesvdf.com.br\/news\/wp-content\/uploads\/2018\/02\/7-01-768x549.jpg 768w, https:\/\/sindesvdf.com.br\/news\/wp-content\/uploads\/2018\/02\/7-01-150x107.jpg 150w, https:\/\/sindesvdf.com.br\/news\/wp-content\/uploads\/2018\/02\/7-01-210x150.jpg 210w\" sizes=\"auto, (max-width: 750px) 100vw, 750px\" \/> <\/span><\/div>\n<div><\/div>\n<p><span id=\"m_2391118985821144598yui_3_16_0_ym19_1_1517829845455_3230\">Em pleno s\u00e1bado de manh\u00e3 realizamos uma assembleia geral bem representativa e a categoria demonstrou que est\u00e1 com disposi\u00e7\u00e3o de luta para defender os direitos conquistados ao longo de mais de 30 anos de mobiliza\u00e7\u00e3o, paralisa\u00e7\u00f5es, atos p\u00fablicos e muita uni\u00e3o.<\/span><\/p>\n<p id=\"m_2391118985821144598yui_3_16_0_ym19_1_1517829845455_3232\"><span id=\"m_2391118985821144598yui_3_16_0_ym19_1_1517829845455_3233\">A proposta patronal de dividir o t\u00edquete em 50% em t\u00edquete alimenta\u00e7\u00e3o e 50% em cesta b\u00e1sica foi recha\u00e7ada pelos vigilantes, que definiram que s\u00e3o eles e suas fam\u00edlias que decidir\u00e3o o que comprar no supermercado de acordo com as suas necessidades.<\/span><\/p>\n<p id=\"m_2391118985821144598yui_3_16_0_ym19_1_1517829845455_3235\"><span id=\"m_2391118985821144598yui_3_16_0_ym19_1_1517829845455_3236\">Receber uma cesta b\u00e1sica que certamente n\u00e3o ter\u00e1 o valor dos 50% do t\u00edquete \u00e9 uma afronta \u00e0 dignidade do trabalhador e mais uma forma de alguns patr\u00f5es aumentarem seus lucros.<\/span><\/p>\n<p id=\"m_2391118985821144598yui_3_16_0_ym19_1_1517829845455_3238\"><span id=\"m_2391118985821144598yui_3_16_0_ym19_1_1517829845455_3239\">Al\u00e9m da nefasta proposta de divis\u00e3o do t\u00edquete alimenta\u00e7\u00e3o, o Sindicato Patronal quer reduzir a intrajornada de uma hora para meia hora, entre outros retrocessos. Eles tamb\u00e9m querem atacar esta entidade, tentando fragilizar nossa organiza\u00e7\u00e3o, imaginando assim que n\u00e3o teremos for\u00e7a e estrutura \u00a0para lutar. Mas a\u00ed \u00e9 que se enganam, pois estamos mais dispostos que nunca a defender as reivindica\u00e7\u00f5es da categoria e buscar avan\u00e7os na nossa Conven\u00e7\u00e3o Coletiva de Trabalho.<\/span><\/p>\n<p id=\"m_2391118985821144598yui_3_16_0_ym19_1_1517829845455_3241\" style=\"text-align: justify;\"><span id=\"m_2391118985821144598yui_3_16_0_ym19_1_1517829845455_3242\">Todos atentos e mobilizados para as grandes lutas dos pr\u00f3ximos dias.<\/span><\/p>\n<h2 id=\"m_2391118985821144598yui_3_16_0_ym19_1_1517829845455_3244\" style=\"text-align: justify;\"><span id=\"m_2391118985821144598yui_3_16_0_ym19_1_1517829845455_3248\"><strong><span style=\"font-size: xx-large;\">Estamos em Assembleia permanente<\/span><\/strong><u><\/u><u><\/u><\/span><\/h2>\n<p id=\"m_2391118985821144598yui_3_16_0_ym19_1_1517829845455_3250\" style=\"text-align: left;\"><span id=\"m_2391118985821144598yui_3_16_0_ym19_1_1517829845455_3254\">Como as negocia\u00e7\u00f5es continuam acontecendo, caso o Sindicato Patronal apresente uma proposta aceit\u00e1vel, o Sindicato chamar\u00e1 uma nova assembleia a qualquer momento, independentemente de termos marcado a assembleia com indicativo de greve para o dia 20\/02, pois ela estar\u00e1 valendo se n\u00e3o tivermos proposta at\u00e9 l\u00e1.<\/span><\/p>\n<div id=\"m_2391118985821144598yui_3_16_0_ym19_1_1517829845455_3256\"><span id=\"m_2391118985821144598yui_3_16_0_ym19_1_1517829845455_3257\"><u><\/u>\u00a0<u><\/u><\/span><\/div>\n<div id=\"m_2391118985821144598yui_3_16_0_ym19_1_1517829845455_3271\" dir=\"ltr\"><\/div>\n<div dir=\"ltr\"><img loading=\"lazy\" decoding=\"async\" class=\"aligncenter size-full wp-image-9598\" src=\"http:\/\/sindesvdf.com.br\/news\/wp-content\/uploads\/2018\/02\/Screenshot_2.png\" alt=\"\" width=\"677\" height=\"547\" srcset=\"https:\/\/sindesvdf.com.br\/news\/wp-content\/uploads\/2018\/02\/Screenshot_2.png 677w, https:\/\/sindesvdf.com.br\/news\/wp-content\/uploads\/2018\/02\/Screenshot_2-300x242.png 300w, https:\/\/sindesvdf.com.br\/news\/wp-content\/uploads\/2018\/02\/Screenshot_2-150x121.png 150w, https:\/\/sindesvdf.com.br\/news\/wp-content\/uploads\/2018\/02\/Screenshot_2-186x150.png 186w\" sizes=\"auto, (max-width: 677px) 100vw, 677px\" \/><\/div>\n<p class=\"wpf_wrapper\"><a class=\"print_link\" href=\"\" target=\"_blank\">Preparar para impress\u00e3o<\/a><\/p><!-- .wpf_wrapper -->","protected":false},"excerpt":{"rendered":"<p>Em pleno s\u00e1bado de manh\u00e3 realizamos uma assembleia geral bem representativa e a categoria demonstrou que est\u00e1 com disposi\u00e7\u00e3o de&hellip; <\/p>\n","protected":false},"author":1,"featured_media":0,"comment_status":"closed","ping_status":"closed","sticky":false,"template":"","format":"standard","meta":{"footnotes":""},"categories":[7],"tags":[],"class_list":["post-9569","post","type-post","status-publish","format-standard","hentry","category-noticias"],"jetpack_featured_media_url":"","_links":{"self":[{"href":"https:\/\/sindesvdf.com.br\/news\/wp-json\/wp\/v2\/posts\/9569","targetHints":{"allow":["GET"]}}],"collection":[{"href":"https:\/\/sindesvdf.com.br\/news\/wp-json\/wp\/v2\/posts"}],"about":[{"href":"https:\/\/sindesvdf.com.br\/news\/wp-json\/wp\/v2\/types\/post"}],"author":[{"embeddable":true,"href":"https:\/\/sindesvdf.com.br\/news\/wp-json\/wp\/v2\/users\/1"}],"replies":[{"embeddable":true,"href":"https:\/\/sindesvdf.com.br\/news\/wp-json\/wp\/v2\/comments?post=9569"}],"version-history":[{"count":9,"href":"https:\/\/sindesvdf.com.br\/news\/wp-json\/wp\/v2\/posts\/9569\/revisions"}],"predecessor-version":[{"id":9603,"href":"https:\/\/sindesvdf.com.br\/news\/wp-json\/wp\/v2\/posts\/9569\/revisions\/9603"}],"wp:attachment":[{"href":"https:\/\/sindesvdf.com.br\/news\/wp-json\/wp\/v2\/media?parent=9569"}],"wp:term":[{"taxonomy":"category","embeddable":true,"href":"https:\/\/sindesvdf.com.br\/news\/wp-json\/wp\/v2\/categories?post=9569"},{"taxonomy":"post_tag","embeddable":true,"href":"https:\/\/sindesvdf.com.br\/news\/wp-json\/wp\/v2\/tags?post=9569"}],"curies":[{"name":"wp","href":"https:\/\/api.w.org\/{rel}","templated":true}]}}