{"id":9589,"date":"2018-02-06T13:27:51","date_gmt":"2018-02-06T15:27:51","guid":{"rendered":"http:\/\/sindesvdf.com.br\/news\/?p=9589"},"modified":"2019-08-20T15:50:11","modified_gmt":"2019-08-20T18:50:11","slug":"vigilantes-que-prestam-servico-no-ministerio-do-esporte-estao-ha-dois-meses-sem-receber-tiquete-alimentacao","status":"publish","type":"post","link":"https:\/\/sindesvdf.com.br\/news\/vigilantes-que-prestam-servico-no-ministerio-do-esporte-estao-ha-dois-meses-sem-receber-tiquete-alimentacao\/","title":{"rendered":"Vigilantes que prestam servi\u00e7o no Minist\u00e9rio do Esporte est\u00e3o h\u00e1 dois meses sem receber t\u00edquete alimenta\u00e7\u00e3o"},"content":{"rendered":"<p><img loading=\"lazy\" decoding=\"async\" class=\"aligncenter wp-image-9590 size-large\" src=\"http:\/\/sindesvdf.com.br\/news\/wp-content\/uploads\/2018\/02\/WhatsApp-Image-2018-01-12-at-15.19.04-790x158.jpeg\" alt=\"\" width=\"750\" height=\"150\" srcset=\"https:\/\/sindesvdf.com.br\/news\/wp-content\/uploads\/2018\/02\/WhatsApp-Image-2018-01-12-at-15.19.04.jpeg 790w, https:\/\/sindesvdf.com.br\/news\/wp-content\/uploads\/2018\/02\/WhatsApp-Image-2018-01-12-at-15.19.04-300x60.jpeg 300w, https:\/\/sindesvdf.com.br\/news\/wp-content\/uploads\/2018\/02\/WhatsApp-Image-2018-01-12-at-15.19.04-768x154.jpeg 768w, https:\/\/sindesvdf.com.br\/news\/wp-content\/uploads\/2018\/02\/WhatsApp-Image-2018-01-12-at-15.19.04-150x30.jpeg 150w, https:\/\/sindesvdf.com.br\/news\/wp-content\/uploads\/2018\/02\/WhatsApp-Image-2018-01-12-at-15.19.04-250x50.jpeg 250w\" sizes=\"auto, (max-width: 750px) 100vw, 750px\" \/><\/p>\n<p style=\"text-align: justify;\">O benef\u00edcio do t\u00edquete alimenta\u00e7\u00e3o est\u00e1 no contrato que o Minist\u00e9rio do Esporte tem com a empresa prestadora de servi\u00e7o. No entanto, h\u00e1 dois meses a empresa parou de pagar o t\u00edquete, assim como aconteceu em outros \u00f3rg\u00e3os mas, atrav\u00e9s de negocia\u00e7\u00e3o, conseguimos restabelecer o benef\u00edcio, pois os vigilantes precisam do mesmo para o sustento de suas fam\u00edlias.<\/p>\n<p style=\"text-align: justify;\">J\u00e1 encaminhamos dois of\u00edcios ao Minist\u00e9rio do Esporte solicitando que o \u00f3rg\u00e3o determine \u00e0 empresa o pagamento aos vigilantes. No entanto, n\u00e3o tivemos qualquer retorno positivo sobre o assunto.<\/p>\n<p style=\"text-align: justify;\">Tal situa\u00e7\u00e3o vem causando transtornos \u00e0 vida de pais e m\u00e3es de fam\u00edlia que sempre contaram com o t\u00edquete como importante complementa\u00e7\u00e3o de suas rendas e que hoje se veem desamparados por total omiss\u00e3o do \u00f3rg\u00e3o, pois bastaria uma ordem \u00e0 empresa para que o benef\u00edcio fosse restabelecido.<br \/>\nNesse sentido, apelamos, mais uma vez ao \u00f3rg\u00e3o para que o benef\u00edcio seja restabelecido aos vigilantes com todos os valores devidos.<\/p>\n<p class=\"wpf_wrapper\"><a class=\"print_link\" href=\"\" target=\"_blank\">Preparar para impress\u00e3o<\/a><\/p><!-- .wpf_wrapper -->","protected":false},"excerpt":{"rendered":"<p>O benef\u00edcio do t\u00edquete alimenta\u00e7\u00e3o est\u00e1 no contrato que o Minist\u00e9rio do Esporte tem com a empresa prestadora de servi\u00e7o.&hellip; <\/p>\n","protected":false},"author":1,"featured_media":0,"comment_status":"closed","ping_status":"closed","sticky":false,"template":"","format":"standard","meta":{"footnotes":""},"categories":[7],"tags":[],"class_list":["post-9589","post","type-post","status-publish","format-standard","hentry","category-noticias"],"jetpack_featured_media_url":"","_links":{"self":[{"href":"https:\/\/sindesvdf.com.br\/news\/wp-json\/wp\/v2\/posts\/9589","targetHints":{"allow":["GET"]}}],"collection":[{"href":"https:\/\/sindesvdf.com.br\/news\/wp-json\/wp\/v2\/posts"}],"about":[{"href":"https:\/\/sindesvdf.com.br\/news\/wp-json\/wp\/v2\/types\/post"}],"author":[{"embeddable":true,"href":"https:\/\/sindesvdf.com.br\/news\/wp-json\/wp\/v2\/users\/1"}],"replies":[{"embeddable":true,"href":"https:\/\/sindesvdf.com.br\/news\/wp-json\/wp\/v2\/comments?post=9589"}],"version-history":[{"count":1,"href":"https:\/\/sindesvdf.com.br\/news\/wp-json\/wp\/v2\/posts\/9589\/revisions"}],"predecessor-version":[{"id":9592,"href":"https:\/\/sindesvdf.com.br\/news\/wp-json\/wp\/v2\/posts\/9589\/revisions\/9592"}],"wp:attachment":[{"href":"https:\/\/sindesvdf.com.br\/news\/wp-json\/wp\/v2\/media?parent=9589"}],"wp:term":[{"taxonomy":"category","embeddable":true,"href":"https:\/\/sindesvdf.com.br\/news\/wp-json\/wp\/v2\/categories?post=9589"},{"taxonomy":"post_tag","embeddable":true,"href":"https:\/\/sindesvdf.com.br\/news\/wp-json\/wp\/v2\/tags?post=9589"}],"curies":[{"name":"wp","href":"https:\/\/api.w.org\/{rel}","templated":true}]}}