{"id":9605,"date":"2018-02-07T21:55:10","date_gmt":"2018-02-07T23:55:10","guid":{"rendered":"http:\/\/sindesvdf.com.br\/news\/?p=9605"},"modified":"2018-02-08T09:33:09","modified_gmt":"2018-02-08T11:33:09","slug":"campanha-salarial-2018-chico-vigilante-e-sindesv-df-solicitam-intermediacao-do-ministerio-publico-do-trabalho","status":"publish","type":"post","link":"https:\/\/sindesvdf.com.br\/news\/campanha-salarial-2018-chico-vigilante-e-sindesv-df-solicitam-intermediacao-do-ministerio-publico-do-trabalho\/","title":{"rendered":"Campanha Salarial 2018: Chico Vigilante e Sindesv-DF solicitam intermedia\u00e7\u00e3o do Minist\u00e9rio P\u00fablico do Trabalho"},"content":{"rendered":"<p><img loading=\"lazy\" decoding=\"async\" class=\"alignleft wp-image-9606\" src=\"http:\/\/sindesvdf.com.br\/news\/wp-content\/uploads\/2018\/02\/WhatsApp-Image-2018-02-07-at-21.29.44-300x225.jpeg\" alt=\"\" width=\"400\" height=\"300\" srcset=\"https:\/\/sindesvdf.com.br\/news\/wp-content\/uploads\/2018\/02\/WhatsApp-Image-2018-02-07-at-21.29.44-300x225.jpeg 300w, https:\/\/sindesvdf.com.br\/news\/wp-content\/uploads\/2018\/02\/WhatsApp-Image-2018-02-07-at-21.29.44-768x576.jpeg 768w, https:\/\/sindesvdf.com.br\/news\/wp-content\/uploads\/2018\/02\/WhatsApp-Image-2018-02-07-at-21.29.44-790x593.jpeg 790w, https:\/\/sindesvdf.com.br\/news\/wp-content\/uploads\/2018\/02\/WhatsApp-Image-2018-02-07-at-21.29.44-150x113.jpeg 150w, https:\/\/sindesvdf.com.br\/news\/wp-content\/uploads\/2018\/02\/WhatsApp-Image-2018-02-07-at-21.29.44-200x150.jpeg 200w, https:\/\/sindesvdf.com.br\/news\/wp-content\/uploads\/2018\/02\/WhatsApp-Image-2018-02-07-at-21.29.44.jpeg 1280w\" sizes=\"auto, (max-width: 400px) 100vw, 400px\" \/><\/p>\n<p style=\"text-align: left;\">Na tarde desta quarta-feira (7\/2), o deputado Chico Vigilante (PT) e os diretores do Sindicato dos Vigilantes do DF (<strong>Sindesv-DF<\/strong>), Paulo Quadros (Presidente), Regivaldo Nascimento (Vice-presidente) e Jonas Duarte (Assessor jur\u00eddico) estiveram reunidos com o procurador-chefe do Trabalho no DF, Erlan Prado.<\/p>\n<p style=\"text-align: left;\">Na pauta, a entrega de um of\u00edcio solicitando a intermedia\u00e7\u00e3o do Minist\u00e9rio P\u00fablico do Trabalho nas negocia\u00e7\u00f5es da conven\u00e7\u00e3o coletiva dos vigilantes. O documento tamb\u00e9m requer, em caso de fracasso das negocia\u00e7\u00f5es, a abertura de inqu\u00e9rito para apurar a lucratividade das empresas.<\/p>\n<p style=\"text-align: left;\">Para o distrital, o documento entregue ao MPT tem robustez e apresenta diversos documentos comprobat\u00f3rios al\u00e9m da decis\u00e3o judicial do diss\u00eddio coletivo da campanha de 2017. Na sa\u00edda, Chico Vigilante demonstrou confian\u00e7a em uma breve resolu\u00e7\u00e3o do impasse ap\u00f3s a audi\u00eancia.<\/p>\n<p style=\"text-align: left;\"><em>\u201cSaio daqui animado porque verifiquei o real sentimento por parte do Minist\u00e9rio P\u00fablico do Trabalho em entrar nesse processo para ajudar a resolver a quest\u00e3o das negocia\u00e7\u00f5es\u201d<\/em>, comentou.<\/p>\n<p style=\"text-align: left;\">No entanto, ele lembra que a categoria se mant\u00e9m firme no prazo dado ao sindicato patronal. <em>\u201cAt\u00e9 o dia 20, caso n\u00e3o haja negocia\u00e7\u00e3o ou proposta s\u00e9ria por parte dos patr\u00f5es, a gente vai parar\u201d<\/em>, disse.<\/p>\n<p style=\"text-align: left;\">Para o presidente do <strong>Sindesv-DF<\/strong>, Paulo Quadros, \u00e9 muito importante a intermedia\u00e7\u00e3o do minist\u00e9rio p\u00fablico. <em>\u201cSaio da audi\u00eancia muito otimista que deva acontecer uma reuni\u00e3o entre os sindicatos laboral e patronal antes do dia 20, caso contr\u00e1rio, a categoria vai decretar a greve\u201d<\/em>, disse.<\/p>\n<p style=\"text-align: left;\">Chico Vigilante assevera da import\u00e2ncia da continuidade da mobiliza\u00e7\u00e3o por parte dos vigilantes e da necessidade da categoria se informar somente pelos canais de comunica\u00e7\u00e3o do gabinete parlamentar e do <strong>Sindesv-DF<\/strong>.<\/p>\n<div style=\"width: 1110px;\" class=\"wp-video\"><video class=\"wp-video-shortcode\" id=\"video-9605-1\" width=\"1110\" height=\"624\" preload=\"metadata\" controls=\"controls\"><source type=\"video\/mp4\" src=\"http:\/\/sindesvdf.com.br\/news\/wp-content\/uploads\/2018\/02\/WhatsApp-Video-2018-02-08-at-08.26.49.mp4?_=1\" \/><a href=\"http:\/\/sindesvdf.com.br\/news\/wp-content\/uploads\/2018\/02\/WhatsApp-Video-2018-02-08-at-08.26.49.mp4\">http:\/\/sindesvdf.com.br\/news\/wp-content\/uploads\/2018\/02\/WhatsApp-Video-2018-02-08-at-08.26.49.mp4<\/a><\/video><\/div>\n<h2><span style=\"font-size: 24px;\"><strong>Assembleia permanente<\/strong><\/span><\/h2>\n<p style=\"text-align: left;\">No \u00faltimo s\u00e1bado (3\/2), os vigilantes se reuniram e decretaram assembleia permanente da categoria e foi aprovado o indicativo de greve a ser decidido em nova vota\u00e7\u00e3o na quinta-feira, dia 20 de fevereiro.<\/p>\n<p style=\"text-align: left;\">Na ocasi\u00e3o, os vigilantes rejeitaram por unanimidade a proposta patronal de divis\u00e3o do aux\u00edlio alimenta\u00e7\u00e3o em pec\u00fania e em cestas b\u00e1sicas.<\/p>\n<p class=\"wpf_wrapper\"><a class=\"print_link\" href=\"\" target=\"_blank\">Preparar para impress\u00e3o<\/a><\/p><!-- .wpf_wrapper -->","protected":false},"excerpt":{"rendered":"<p>Na tarde desta quarta-feira (7\/2), o deputado Chico Vigilante (PT) e os diretores do Sindicato dos Vigilantes do DF (Sindesv-DF),&hellip; <\/p>\n","protected":false},"author":1,"featured_media":0,"comment_status":"closed","ping_status":"closed","sticky":false,"template":"","format":"standard","meta":{"footnotes":""},"categories":[7],"tags":[],"class_list":["post-9605","post","type-post","status-publish","format-standard","hentry","category-noticias"],"jetpack_featured_media_url":"","_links":{"self":[{"href":"https:\/\/sindesvdf.com.br\/news\/wp-json\/wp\/v2\/posts\/9605","targetHints":{"allow":["GET"]}}],"collection":[{"href":"https:\/\/sindesvdf.com.br\/news\/wp-json\/wp\/v2\/posts"}],"about":[{"href":"https:\/\/sindesvdf.com.br\/news\/wp-json\/wp\/v2\/types\/post"}],"author":[{"embeddable":true,"href":"https:\/\/sindesvdf.com.br\/news\/wp-json\/wp\/v2\/users\/1"}],"replies":[{"embeddable":true,"href":"https:\/\/sindesvdf.com.br\/news\/wp-json\/wp\/v2\/comments?post=9605"}],"version-history":[{"count":7,"href":"https:\/\/sindesvdf.com.br\/news\/wp-json\/wp\/v2\/posts\/9605\/revisions"}],"predecessor-version":[{"id":9618,"href":"https:\/\/sindesvdf.com.br\/news\/wp-json\/wp\/v2\/posts\/9605\/revisions\/9618"}],"wp:attachment":[{"href":"https:\/\/sindesvdf.com.br\/news\/wp-json\/wp\/v2\/media?parent=9605"}],"wp:term":[{"taxonomy":"category","embeddable":true,"href":"https:\/\/sindesvdf.com.br\/news\/wp-json\/wp\/v2\/categories?post=9605"},{"taxonomy":"post_tag","embeddable":true,"href":"https:\/\/sindesvdf.com.br\/news\/wp-json\/wp\/v2\/tags?post=9605"}],"curies":[{"name":"wp","href":"https:\/\/api.w.org\/{rel}","templated":true}]}}