{"id":9658,"date":"2018-02-09T11:33:43","date_gmt":"2018-02-09T13:33:43","guid":{"rendered":"http:\/\/sindesvdf.com.br\/news\/?p=9658"},"modified":"2018-02-09T11:53:49","modified_gmt":"2018-02-09T13:53:49","slug":"sindicato-encaminha-oficio-aos-tomadores-de-servico-sobre-a-campanha-salarial","status":"publish","type":"post","link":"https:\/\/sindesvdf.com.br\/news\/sindicato-encaminha-oficio-aos-tomadores-de-servico-sobre-a-campanha-salarial\/","title":{"rendered":"Sindicato encaminha of\u00edcio aos tomadores de servi\u00e7o sobre a Campanha Salarial"},"content":{"rendered":"<p><img loading=\"lazy\" decoding=\"async\" class=\"alignleft wp-image-9660 size-medium\" src=\"http:\/\/sindesvdf.com.br\/news\/wp-content\/uploads\/2018\/02\/Olho-vivo-logo-2-300x300.jpeg\" alt=\"\" width=\"300\" height=\"300\" srcset=\"https:\/\/sindesvdf.com.br\/news\/wp-content\/uploads\/2018\/02\/Olho-vivo-logo-2-300x300.jpeg 300w, https:\/\/sindesvdf.com.br\/news\/wp-content\/uploads\/2018\/02\/Olho-vivo-logo-2-150x150.jpeg 150w, https:\/\/sindesvdf.com.br\/news\/wp-content\/uploads\/2018\/02\/Olho-vivo-logo-2-768x768.jpeg 768w, https:\/\/sindesvdf.com.br\/news\/wp-content\/uploads\/2018\/02\/Olho-vivo-logo-2-790x790.jpeg 790w, https:\/\/sindesvdf.com.br\/news\/wp-content\/uploads\/2018\/02\/Olho-vivo-logo-2.jpeg 1280w\" sizes=\"auto, (max-width: 300px) 100vw, 300px\" \/>No dia 08\/02, o Sindicato dos Vigilantes encaminhou of\u00edcio aos \u00f3rg\u00e3os do GDF e governo Federal para inform\u00e1-los sobre a situa\u00e7\u00e3o das negocia\u00e7\u00f5es da Campanha Salarial\/2018. A luta e objetivo do Sindicato s\u00e3o o de manter todos os direitos e avan\u00e7os conquistados h\u00e1 mais de 10 anos e o Sindicato Patronal busca o contr\u00e1rio, ou seja, a retirada desses direitos.<\/p>\n<p>Diante do impasse, em Assembleia Geral realizada dia 03\/02, a categoria definiu pelo indicativo de greve em nova Assembleia a ser realizada dia 20\/02.<\/p>\n<p>&nbsp;<\/p>\n<p><strong>Confira o of\u00edcio entregue a todos os \u00f3rg\u00e3os:<\/strong><\/p>\n<p>&nbsp;<\/p>\n<p><img loading=\"lazy\" decoding=\"async\" class=\"aligncenter size-full wp-image-9661\" src=\"http:\/\/sindesvdf.com.br\/news\/wp-content\/uploads\/2018\/02\/Of\u00edcio-GDF-01-1.jpg\" alt=\"\" width=\"2480\" height=\"3508\" srcset=\"https:\/\/sindesvdf.com.br\/news\/wp-content\/uploads\/2018\/02\/Of\u00edcio-GDF-01-1.jpg 2480w, https:\/\/sindesvdf.com.br\/news\/wp-content\/uploads\/2018\/02\/Of\u00edcio-GDF-01-1-212x300.jpg 212w, https:\/\/sindesvdf.com.br\/news\/wp-content\/uploads\/2018\/02\/Of\u00edcio-GDF-01-1-768x1086.jpg 768w, https:\/\/sindesvdf.com.br\/news\/wp-content\/uploads\/2018\/02\/Of\u00edcio-GDF-01-1-558x790.jpg 558w, https:\/\/sindesvdf.com.br\/news\/wp-content\/uploads\/2018\/02\/Of\u00edcio-GDF-01-1-106x150.jpg 106w\" sizes=\"auto, (max-width: 2480px) 100vw, 2480px\" \/><\/p>\n<p>&nbsp;<\/p>\n<p>&nbsp;<\/p>\n<p><img loading=\"lazy\" decoding=\"async\" class=\"aligncenter size-full wp-image-9662\" src=\"http:\/\/sindesvdf.com.br\/news\/wp-content\/uploads\/2018\/02\/Of\u00edcio-GDF-02-1.jpg\" alt=\"\" width=\"2480\" height=\"3508\" srcset=\"https:\/\/sindesvdf.com.br\/news\/wp-content\/uploads\/2018\/02\/Of\u00edcio-GDF-02-1.jpg 2480w, https:\/\/sindesvdf.com.br\/news\/wp-content\/uploads\/2018\/02\/Of\u00edcio-GDF-02-1-212x300.jpg 212w, https:\/\/sindesvdf.com.br\/news\/wp-content\/uploads\/2018\/02\/Of\u00edcio-GDF-02-1-768x1086.jpg 768w, https:\/\/sindesvdf.com.br\/news\/wp-content\/uploads\/2018\/02\/Of\u00edcio-GDF-02-1-558x790.jpg 558w, https:\/\/sindesvdf.com.br\/news\/wp-content\/uploads\/2018\/02\/Of\u00edcio-GDF-02-1-106x150.jpg 106w\" sizes=\"auto, (max-width: 2480px) 100vw, 2480px\" \/><\/p>\n<p><strong>Rela\u00e7\u00e3o dos \u00f3rg\u00e3os que receberam o of\u00edcio:<\/strong><\/p>\n<ol>\n<li>BANCO DO BRASIL<\/li>\n<li>CEF<\/li>\n<li>BRB<\/li>\n<li>BRADESCO<\/li>\n<li>ITA\u00da<\/li>\n<li>SANTANDER<\/li>\n<li>SECRETARIA DE SA\u00daDE<\/li>\n<li>SECRETARIA D SA\u00daDE \u2013 DIAO<\/li>\n<li>SECRETARIA DE PLANEJAMENTO<\/li>\n<li>SECRETARIA DE SEGURAN\u00c7A<\/li>\n<li>SECRETARIA DE EDUCA\u00c7\u00c3O<\/li>\n<li>PROCURADORIA -GERAL DA REPUBLICA<\/li>\n<li>PROCURADORIA-GERAL DO DF<\/li>\n<li>MINIST\u00c9RIO PUBLICO DO TRABALHO<\/li>\n<li>MINISTERIO DA JUSTI\u00c7A<\/li>\n<li>MINIST\u00c9RIO DA SA\u00daDE<\/li>\n<li>MINIST\u00c9RIO DO MEIO AMBIENTE<\/li>\n<li>MINIST\u00c9RIO DO ESPORTE<\/li>\n<li>MINIST\u00c9RIO DO PLANEJAMENTO<\/li>\n<li>MINIST\u00c9RIO DAS RELA\u00c7\u00d5ES EXTERIORES<\/li>\n<li>MINIST\u00c9RIO DA INDUSTRIA<\/li>\n<li>MINISTERIO DA CULTURA<\/li>\n<li>MINIST\u00c9RIO DA CIENCIA E TECNOLOGIA<\/li>\n<li>MINIST\u00c9RIO DO TURISMO<\/li>\n<li>MINISTERIO DA AGRICULTURA<\/li>\n<li>MINIST\u00c9RIO DA FAZENDA<\/li>\n<li>MINISTERIO DA EDUCA\u00c7\u00c3O<\/li>\n<li>MINISTERIO DA INTEGRA\u00c7AO SOCIAL<\/li>\n<li>INFRAM\u00c9RICA<\/li>\n<li>TJDFT<\/li>\n<li>TCDF<\/li>\n<li>STJ<\/li>\n<li>TST<\/li>\n<li>TSE<\/li>\n<li>TSF<\/li>\n<li>TCU<\/li>\n<li>AGU<\/li>\n<li>CGU<\/li>\n<li>POLICIA FEDERAL<\/li>\n<li>CAMARA FEDERAL<\/li>\n<li>CAMARA LEGISLATIVA<\/li>\n<li>SENADO FEDERAL<\/li>\n<li>DETRAN<\/li>\n<\/ol>\n<p>&nbsp;<\/p>\n<p>&nbsp;<\/p>\n<p>&nbsp;<\/p>\n<p class=\"wpf_wrapper\"><a class=\"print_link\" href=\"\" target=\"_blank\">Preparar para impress\u00e3o<\/a><\/p><!-- .wpf_wrapper -->","protected":false},"excerpt":{"rendered":"<p>No dia 08\/02, o Sindicato dos Vigilantes encaminhou of\u00edcio aos \u00f3rg\u00e3os do GDF e governo Federal para inform\u00e1-los sobre a&hellip; <\/p>\n","protected":false},"author":1,"featured_media":0,"comment_status":"closed","ping_status":"closed","sticky":false,"template":"","format":"standard","meta":{"footnotes":""},"categories":[7],"tags":[],"class_list":["post-9658","post","type-post","status-publish","format-standard","hentry","category-noticias"],"jetpack_featured_media_url":"","_links":{"self":[{"href":"https:\/\/sindesvdf.com.br\/news\/wp-json\/wp\/v2\/posts\/9658","targetHints":{"allow":["GET"]}}],"collection":[{"href":"https:\/\/sindesvdf.com.br\/news\/wp-json\/wp\/v2\/posts"}],"about":[{"href":"https:\/\/sindesvdf.com.br\/news\/wp-json\/wp\/v2\/types\/post"}],"author":[{"embeddable":true,"href":"https:\/\/sindesvdf.com.br\/news\/wp-json\/wp\/v2\/users\/1"}],"replies":[{"embeddable":true,"href":"https:\/\/sindesvdf.com.br\/news\/wp-json\/wp\/v2\/comments?post=9658"}],"version-history":[{"count":4,"href":"https:\/\/sindesvdf.com.br\/news\/wp-json\/wp\/v2\/posts\/9658\/revisions"}],"predecessor-version":[{"id":9666,"href":"https:\/\/sindesvdf.com.br\/news\/wp-json\/wp\/v2\/posts\/9658\/revisions\/9666"}],"wp:attachment":[{"href":"https:\/\/sindesvdf.com.br\/news\/wp-json\/wp\/v2\/media?parent=9658"}],"wp:term":[{"taxonomy":"category","embeddable":true,"href":"https:\/\/sindesvdf.com.br\/news\/wp-json\/wp\/v2\/categories?post=9658"},{"taxonomy":"post_tag","embeddable":true,"href":"https:\/\/sindesvdf.com.br\/news\/wp-json\/wp\/v2\/tags?post=9658"}],"curies":[{"name":"wp","href":"https:\/\/api.w.org\/{rel}","templated":true}]}}