{"id":9686,"date":"2018-02-16T15:28:31","date_gmt":"2018-02-16T17:28:31","guid":{"rendered":"http:\/\/sindesvdf.com.br\/news\/?p=9686"},"modified":"2018-02-16T15:37:40","modified_gmt":"2018-02-16T17:37:40","slug":"todos-a-luta-em-defesa-dos-nossos-direitos-e-conquistas","status":"publish","type":"post","link":"https:\/\/sindesvdf.com.br\/news\/todos-a-luta-em-defesa-dos-nossos-direitos-e-conquistas\/","title":{"rendered":"Todos \u00e0 luta em defesa dos nossos direitos e conquistas!"},"content":{"rendered":"<div><img loading=\"lazy\" decoding=\"async\" class=\"alignleft wp-image-9689 size-medium\" src=\"http:\/\/sindesvdf.com.br\/news\/wp-content\/uploads\/2018\/02\/Olho-vivo-logo-3-300x300.jpeg\" alt=\"\" width=\"300\" height=\"300\" srcset=\"https:\/\/sindesvdf.com.br\/news\/wp-content\/uploads\/2018\/02\/Olho-vivo-logo-3-300x300.jpeg 300w, https:\/\/sindesvdf.com.br\/news\/wp-content\/uploads\/2018\/02\/Olho-vivo-logo-3-150x150.jpeg 150w, https:\/\/sindesvdf.com.br\/news\/wp-content\/uploads\/2018\/02\/Olho-vivo-logo-3-768x768.jpeg 768w, https:\/\/sindesvdf.com.br\/news\/wp-content\/uploads\/2018\/02\/Olho-vivo-logo-3-790x790.jpeg 790w, https:\/\/sindesvdf.com.br\/news\/wp-content\/uploads\/2018\/02\/Olho-vivo-logo-3.jpeg 1280w\" sizes=\"auto, (max-width: 300px) 100vw, 300px\" \/><\/div>\n<div><\/div>\n<div id=\"m_-1241614750792071638yui_3_16_0_ym19_1_1518781032727_5965\" style=\"text-align: justify;\">O momento \u00e9 de luta, mobiliza\u00e7\u00e3o e unidade de todos os vigilantes para barrarmos o retrocesso que os patr\u00f5es querem impor \u00e0 categoria.<u><\/u><u><\/u><\/div>\n<div id=\"m_-1241614750792071638yui_3_16_0_ym19_1_1518781032727_5967\" style=\"text-align: justify;\">Convidamos a todos para participarem da Assembleia Geral, dia 20 de fevereiro, ter\u00e7a-feira, \u00e0 19h30, no estacionamento do Conic, na rampa dos vigilantes.<br \/>\nSomente com a participa\u00e7\u00e3o de todas e todos, conseguiremos fortalecer a luta em defesa das nossas reivindica\u00e7\u00f5es.<\/div>\n<div style=\"text-align: justify;\"><\/div>\n<div style=\"text-align: justify;\"><\/div>\n<div><\/div>\n<div><\/div>\n<div><\/div>\n<div><\/div>\n<div><\/div>\n<div><\/div>\n<div>\n<p><strong>Assista ao v\u00eddeo:\u00a0<\/strong><\/p>\n<p>&nbsp;<\/p>\n<\/div>\n<div style=\"width: 640px;\" class=\"wp-video\"><video class=\"wp-video-shortcode\" id=\"video-9686-1\" width=\"640\" height=\"480\" preload=\"metadata\" controls=\"controls\"><source type=\"video\/mp4\" src=\"http:\/\/sindesvdf.com.br\/news\/wp-content\/uploads\/2018\/02\/greve-1.mp4?_=1\" \/><a href=\"http:\/\/sindesvdf.com.br\/news\/wp-content\/uploads\/2018\/02\/greve-1.mp4\">http:\/\/sindesvdf.com.br\/news\/wp-content\/uploads\/2018\/02\/greve-1.mp4<\/a><\/video><\/div>\n<div id=\"m_-1241614750792071638yui_3_16_0_ym19_1_1518781032727_5967\"><\/div>\n<p class=\"wpf_wrapper\"><a class=\"print_link\" href=\"\" target=\"_blank\">Preparar para impress\u00e3o<\/a><\/p><!-- .wpf_wrapper -->","protected":false},"excerpt":{"rendered":"<p>O momento \u00e9 de luta, mobiliza\u00e7\u00e3o e unidade de todos os vigilantes para barrarmos o retrocesso que os patr\u00f5es querem&hellip; <\/p>\n","protected":false},"author":1,"featured_media":0,"comment_status":"closed","ping_status":"closed","sticky":false,"template":"","format":"standard","meta":{"footnotes":""},"categories":[7],"tags":[],"class_list":["post-9686","post","type-post","status-publish","format-standard","hentry","category-noticias"],"jetpack_featured_media_url":"","_links":{"self":[{"href":"https:\/\/sindesvdf.com.br\/news\/wp-json\/wp\/v2\/posts\/9686","targetHints":{"allow":["GET"]}}],"collection":[{"href":"https:\/\/sindesvdf.com.br\/news\/wp-json\/wp\/v2\/posts"}],"about":[{"href":"https:\/\/sindesvdf.com.br\/news\/wp-json\/wp\/v2\/types\/post"}],"author":[{"embeddable":true,"href":"https:\/\/sindesvdf.com.br\/news\/wp-json\/wp\/v2\/users\/1"}],"replies":[{"embeddable":true,"href":"https:\/\/sindesvdf.com.br\/news\/wp-json\/wp\/v2\/comments?post=9686"}],"version-history":[{"count":4,"href":"https:\/\/sindesvdf.com.br\/news\/wp-json\/wp\/v2\/posts\/9686\/revisions"}],"predecessor-version":[{"id":9692,"href":"https:\/\/sindesvdf.com.br\/news\/wp-json\/wp\/v2\/posts\/9686\/revisions\/9692"}],"wp:attachment":[{"href":"https:\/\/sindesvdf.com.br\/news\/wp-json\/wp\/v2\/media?parent=9686"}],"wp:term":[{"taxonomy":"category","embeddable":true,"href":"https:\/\/sindesvdf.com.br\/news\/wp-json\/wp\/v2\/categories?post=9686"},{"taxonomy":"post_tag","embeddable":true,"href":"https:\/\/sindesvdf.com.br\/news\/wp-json\/wp\/v2\/tags?post=9686"}],"curies":[{"name":"wp","href":"https:\/\/api.w.org\/{rel}","templated":true}]}}