{"id":9698,"date":"2018-02-19T13:09:19","date_gmt":"2018-02-19T16:09:19","guid":{"rendered":"http:\/\/sindesvdf.com.br\/news\/?p=9698"},"modified":"2019-08-20T15:49:45","modified_gmt":"2019-08-20T18:49:45","slug":"primeira-audiencia-no-mpt","status":"publish","type":"post","link":"https:\/\/sindesvdf.com.br\/news\/primeira-audiencia-no-mpt\/","title":{"rendered":"Primeira Audi\u00eancia no MPT para intermediar as negocia\u00e7\u00f5es"},"content":{"rendered":"<p><img loading=\"lazy\" decoding=\"async\" class=\"aligncenter wp-image-9377 size-large\" src=\"http:\/\/sindesvdf.com.br\/news\/wp-content\/uploads\/2018\/01\/plant\u00e3o-olho-vivo-790x158.png\" alt=\"\" width=\"750\" height=\"150\" srcset=\"https:\/\/sindesvdf.com.br\/news\/wp-content\/uploads\/2018\/01\/plant\u00e3o-olho-vivo-790x158.png 790w, https:\/\/sindesvdf.com.br\/news\/wp-content\/uploads\/2018\/01\/plant\u00e3o-olho-vivo-300x60.png 300w, https:\/\/sindesvdf.com.br\/news\/wp-content\/uploads\/2018\/01\/plant\u00e3o-olho-vivo-768x154.png 768w, https:\/\/sindesvdf.com.br\/news\/wp-content\/uploads\/2018\/01\/plant\u00e3o-olho-vivo-250x50.png 250w, https:\/\/sindesvdf.com.br\/news\/wp-content\/uploads\/2018\/01\/plant\u00e3o-olho-vivo-150x30.png 150w\" sizes=\"auto, (max-width: 750px) 100vw, 750px\" \/>Depois de muitas rodadas de negocia\u00e7\u00e3o e sem chegar a um acordo em v\u00e1rias cl\u00e1usulas importantes na garantia de direitos e conquistas da categoria, esta entidade solicitou intermedia\u00e7\u00e3o do Minist\u00e9rio P\u00fablico do Trabalho, buscando uma solu\u00e7\u00e3o para o impasse.<\/p>\n<p>A 1\u00aa audi\u00eancia aconteceu na manh\u00e3 de 19\/02, com a participa\u00e7\u00e3o do Sindicato dos Vigilantes e do Sindicato Patronal, e foi mais para colocar as cl\u00e1usulas que est\u00e3o gerando o impasse nas negocia\u00e7\u00f5es.<\/p>\n<p>Nova audi\u00eancia foi marcada para o dia 20\/02, apenas com a participa\u00e7\u00e3o do Sindicato dos Vigilantes, e no dia 22\/02, o Sindicato Patronal tamb\u00e9m participar\u00e1 de uma audi\u00eancia. E no dia 26\/02 haver\u00e1 nova audi\u00eancia conjunta, ou seja, com a participa\u00e7\u00e3o dos dois sindicatos.<\/p>\n<p><img loading=\"lazy\" decoding=\"async\" class=\"aligncenter wp-image-9705\" src=\"http:\/\/sindesvdf.com.br\/news\/wp-content\/uploads\/2018\/02\/Ata-primeira-audi\u00eancia-MPT_p1-558x790.jpeg\" alt=\"\" width=\"750\" height=\"1062\" srcset=\"https:\/\/sindesvdf.com.br\/news\/wp-content\/uploads\/2018\/02\/Ata-primeira-audi\u00eancia-MPT_p1-558x790.jpeg 558w, https:\/\/sindesvdf.com.br\/news\/wp-content\/uploads\/2018\/02\/Ata-primeira-audi\u00eancia-MPT_p1-212x300.jpeg 212w, https:\/\/sindesvdf.com.br\/news\/wp-content\/uploads\/2018\/02\/Ata-primeira-audi\u00eancia-MPT_p1-768x1087.jpeg 768w, https:\/\/sindesvdf.com.br\/news\/wp-content\/uploads\/2018\/02\/Ata-primeira-audi\u00eancia-MPT_p1-106x150.jpeg 106w, https:\/\/sindesvdf.com.br\/news\/wp-content\/uploads\/2018\/02\/Ata-primeira-audi\u00eancia-MPT_p1.jpeg 904w\" sizes=\"auto, (max-width: 750px) 100vw, 750px\" \/><img loading=\"lazy\" decoding=\"async\" class=\"aligncenter wp-image-9706\" src=\"http:\/\/sindesvdf.com.br\/news\/wp-content\/uploads\/2018\/02\/Ata-primeira-audi\u00eancia-MPT_p2-212x300.jpeg\" alt=\"\" width=\"750\" height=\"1062\" srcset=\"https:\/\/sindesvdf.com.br\/news\/wp-content\/uploads\/2018\/02\/Ata-primeira-audi\u00eancia-MPT_p2-212x300.jpeg 212w, https:\/\/sindesvdf.com.br\/news\/wp-content\/uploads\/2018\/02\/Ata-primeira-audi\u00eancia-MPT_p2-768x1087.jpeg 768w, https:\/\/sindesvdf.com.br\/news\/wp-content\/uploads\/2018\/02\/Ata-primeira-audi\u00eancia-MPT_p2-558x790.jpeg 558w, https:\/\/sindesvdf.com.br\/news\/wp-content\/uploads\/2018\/02\/Ata-primeira-audi\u00eancia-MPT_p2-106x150.jpeg 106w, https:\/\/sindesvdf.com.br\/news\/wp-content\/uploads\/2018\/02\/Ata-primeira-audi\u00eancia-MPT_p2.jpeg 904w\" sizes=\"auto, (max-width: 750px) 100vw, 750px\" \/><\/p>\n<p>&nbsp;<\/p>\n<p>&nbsp;<\/p>\n<p class=\"wpf_wrapper\"><a class=\"print_link\" href=\"\" target=\"_blank\">Preparar para impress\u00e3o<\/a><\/p><!-- .wpf_wrapper -->","protected":false},"excerpt":{"rendered":"<p>Depois de muitas rodadas de negocia\u00e7\u00e3o e sem chegar a um acordo em v\u00e1rias cl\u00e1usulas importantes na garantia de direitos&hellip; <\/p>\n","protected":false},"author":1,"featured_media":0,"comment_status":"closed","ping_status":"closed","sticky":false,"template":"","format":"standard","meta":{"footnotes":""},"categories":[7],"tags":[],"class_list":["post-9698","post","type-post","status-publish","format-standard","hentry","category-noticias"],"jetpack_featured_media_url":"","_links":{"self":[{"href":"https:\/\/sindesvdf.com.br\/news\/wp-json\/wp\/v2\/posts\/9698","targetHints":{"allow":["GET"]}}],"collection":[{"href":"https:\/\/sindesvdf.com.br\/news\/wp-json\/wp\/v2\/posts"}],"about":[{"href":"https:\/\/sindesvdf.com.br\/news\/wp-json\/wp\/v2\/types\/post"}],"author":[{"embeddable":true,"href":"https:\/\/sindesvdf.com.br\/news\/wp-json\/wp\/v2\/users\/1"}],"replies":[{"embeddable":true,"href":"https:\/\/sindesvdf.com.br\/news\/wp-json\/wp\/v2\/comments?post=9698"}],"version-history":[{"count":6,"href":"https:\/\/sindesvdf.com.br\/news\/wp-json\/wp\/v2\/posts\/9698\/revisions"}],"predecessor-version":[{"id":9707,"href":"https:\/\/sindesvdf.com.br\/news\/wp-json\/wp\/v2\/posts\/9698\/revisions\/9707"}],"wp:attachment":[{"href":"https:\/\/sindesvdf.com.br\/news\/wp-json\/wp\/v2\/media?parent=9698"}],"wp:term":[{"taxonomy":"category","embeddable":true,"href":"https:\/\/sindesvdf.com.br\/news\/wp-json\/wp\/v2\/categories?post=9698"},{"taxonomy":"post_tag","embeddable":true,"href":"https:\/\/sindesvdf.com.br\/news\/wp-json\/wp\/v2\/tags?post=9698"}],"curies":[{"name":"wp","href":"https:\/\/api.w.org\/{rel}","templated":true}]}}