{"id":9709,"date":"2018-02-20T08:58:40","date_gmt":"2018-02-20T11:58:40","guid":{"rendered":"http:\/\/sindesvdf.com.br\/news\/?p=9709"},"modified":"2018-02-20T09:04:03","modified_gmt":"2018-02-20T12:04:03","slug":"justica-determina-que-confederal-pague-salarios-ate-quinto-dia-util","status":"publish","type":"post","link":"https:\/\/sindesvdf.com.br\/news\/justica-determina-que-confederal-pague-salarios-ate-quinto-dia-util\/","title":{"rendered":"Justi\u00e7a determina que Confederal pague sal\u00e1rios at\u00e9 quinto dia \u00fatil"},"content":{"rendered":"<figure id=\"attachment_9710\" aria-describedby=\"caption-attachment-9710\" style=\"width: 750px\" class=\"wp-caption aligncenter\"><img loading=\"lazy\" decoding=\"async\" class=\"wp-image-9710 size-large\" src=\"http:\/\/sindesvdf.com.br\/news\/wp-content\/uploads\/2018\/02\/confederal-site-01-790x451.jpg\" alt=\"\" width=\"750\" height=\"428\" srcset=\"https:\/\/sindesvdf.com.br\/news\/wp-content\/uploads\/2018\/02\/confederal-site-01-790x451.jpg 790w, https:\/\/sindesvdf.com.br\/news\/wp-content\/uploads\/2018\/02\/confederal-site-01-300x171.jpg 300w, https:\/\/sindesvdf.com.br\/news\/wp-content\/uploads\/2018\/02\/confederal-site-01-768x439.jpg 768w, https:\/\/sindesvdf.com.br\/news\/wp-content\/uploads\/2018\/02\/confederal-site-01-150x86.jpg 150w, https:\/\/sindesvdf.com.br\/news\/wp-content\/uploads\/2018\/02\/confederal-site-01-250x143.jpg 250w\" sizes=\"auto, (max-width: 750px) 100vw, 750px\" \/><figcaption id=\"caption-attachment-9710\" class=\"wp-caption-text\">Em caso de descumprimento, a empresa e o GDF, correspons\u00e1vel pelos pagamentos, ter\u00e3o que desembolsar R$ 10 mil em multas di\u00e1rias<\/figcaption><\/figure>\n<p style=\"text-align: justify;\">A 12\u00aa Vara do Trabalho de Bras\u00edlia decidiu, em car\u00e1ter liminar, que a empresa Confederal Vigil\u00e2ncia e Transporte de Valores Ltda. deve pagar seus funcion\u00e1rios at\u00e9 o quinto dia \u00fatil do m\u00eas. Na a\u00e7\u00e3o, o Minist\u00e9rio P\u00fablico do Trabalho (MPT)\u00a0ainda cobra\u00a0do Governo do Distrito Federal (GDF) a fiscaliza\u00e7\u00e3o das obriga\u00e7\u00f5es trabalhistas da prestadora de servi\u00e7o,\u00a0alvo de den\u00fancias do sindicato da categoria.<\/p>\n<p style=\"text-align: justify;\">O MPT tamb\u00e9m pede a condena\u00e7\u00e3o solid\u00e1ria dos r\u00e9us em R$ 3 milh\u00f5es, a t\u00edtulo de dano moral coletivo, para repor os preju\u00edzos causados.<\/p>\n<p style=\"text-align: justify;\">Correspons\u00e1vel pelo pagamento dos empregados das empresas que prestam servi\u00e7os a secretarias de Estado, o GDF ter\u00e1 de arcar, em caso de atraso, com multa di\u00e1ria de R$ 10 mil. A medida tamb\u00e9m vale para a Confederal. O\u00a0governo\u00a0ainda ser\u00e1 obrigado a\u00a0n\u00e3o renovar ou prorrogar v\u00ednculo\u00a0com a companhia\u00a0se a medida for descumprida, bem como a n\u00e3o deixar a presta\u00e7\u00e3o de servi\u00e7os sem cobertura contratual.<\/p>\n<p style=\"text-align: justify;\">Segundo o\u00a0Sindicato dos Vigilantes do DF (Sindesv-DF), a empresa,\u00a0<a href=\"https:\/\/www.metropoles.com\/brasil\/politica-br\/empresa-da-familia-de-eunicio-confederal-deve-r-85-milhoes-a-uniao\">dirigida por parentes do presidente do Senado, Eun\u00edcio Oliveira (MDB-CE)<\/a>, perdeu em outubro passado o contrato com a Secretaria de Sa\u00fade, onde trabalhavam cerca de\u00a0520 profissionais da Confederal.\u00a0A companhia\u00a0mant\u00e9m acordo na Secretaria de Educa\u00e7\u00e3o com n\u00famero semelhante de trabalhadores.<\/p>\n<p style=\"text-align: justify;\">A empresa\u00a0disp\u00f5e de outro v\u00ednculo com o GDF. Faturou, em agosto de 2017, um contrato na Secretaria de Planejamento, Or\u00e7amento e Gest\u00e3o, no valor de R$ 43.152.642,72 por 12 meses de servi\u00e7o.<\/p>\n<p style=\"text-align: justify;\">Procurada pela reportagem, a Confederal n\u00e3o\u00a0tinha se manifestado at\u00e9 a \u00faltima atualiza\u00e7\u00e3o desta mat\u00e9ria. O GDF tamb\u00e9m n\u00e3o respondeu aos questionamentos.<\/p>\n<p style=\"text-align: justify;\"><strong>Indicativo de greve<\/strong><\/p>\n<p style=\"text-align: justify;\">Na ter\u00e7a-feira (20\/2), vigilantes de todas as empresas v\u00e3o analisar se paralisam os servi\u00e7os. A a\u00e7\u00e3o ser\u00e1 discutida em assembleia na sede do sindicato, no Conic (Setor de Divers\u00f5es Sul), a partir das 19h. A pauta \u00e9 a campanha salarial.\u00a0<strong><em>\u201cOs empres\u00e1rios querem retirar uma s\u00e9rie de direitos, aproveitando a reforma trabalhista. N\u00f3s n\u00e3o iremos aceitar. Se n\u00e3o houver acordo, iremos parar os hospitais, bancos e demais \u00f3rg\u00e3os p\u00fablicos\u201d, <\/em><\/strong>alerta Gilmar Rodrigues, secret\u00e1rio de imprensa do Sindesv.<\/p>\n<p style=\"text-align: justify;\">H\u00e1 uma chance de a situa\u00e7\u00e3o de greve iminente\u00a0ser revertida. Isso porque o Minist\u00e9rio P\u00fablico do Trabalho convidou os sindicatos patronal e dos vigilantes para uma s\u00e9rie de audi\u00eancias. Nesta ter\u00e7a-feira, o MPT vai receber os representantes da categoria. No dia 22, volta a ouvi-los, bem como\u00a0o representante dos patr\u00f5es, enquanto no dia 26 haver\u00e1 nova audi\u00eancia conjunta.<\/p>\n<p style=\"text-align: justify;\"><strong>Investiga\u00e7\u00f5es<\/strong><\/p>\n<p style=\"text-align: justify;\">Administrada\u00a0por\u00a0Ricardo Lopes Augusto,\u00a0sobrinho de Eun\u00edcio, a Confederal foi alvo da Opera\u00e7\u00e3o Sat\u00e9lites, deflagrada em mar\u00e7o de 2017 pela Pol\u00edcia Federal, como um dos primeiros desdobramentos da Lava Jato com base nas dela\u00e7\u00f5es da Odebrecht.<\/p>\n<p style=\"text-align: justify;\"><a href=\"https:\/\/www.metropoles.com\/brasil\/politica-br\/empresa-da-familia-de-eunicio-confederal-deve-r-85-milhoes-a-uniao\">O presidente do Senado \u00e9 s\u00f3cio da Confederal Vigil\u00e2ncia e Transporte de Valores por meio da Remmo Participa\u00e7\u00f5es S.A.<\/a>, holding cujos \u00fanicos acionistas s\u00e3o Eun\u00edcio e seu filho, Rodrigo.\u00a0A Remmo\u00a0possui 98,3% das a\u00e7\u00f5es. O 1,7% restante \u00e9 do sobrinho do senador emedebista. At\u00e9 setembro de 2013, no entanto, o\u00a0parlamentar figurava como s\u00f3cio majorit\u00e1rio da empresa. Naquele ano, ele transferiu suas cotas para a Remmo Participa\u00e7\u00f5es.<\/p>\n<p style=\"text-align: justify;\">A companhia\u00a0tamb\u00e9m foi investigada em 2004, quando o pol\u00edtico\u00a0era ministro das Comunica\u00e7\u00f5es do primeiro governo do ent\u00e3o presidente Luiz In\u00e1cio Lula da Silva (PT). A empresa\u00a0foi alvo da Opera\u00e7\u00e3o Sentinela, deflagrada pela PF em dezembro de 2004.<\/p>\n<p style=\"text-align: justify;\">De acordo com a assessoria de Eun\u00edcio, ele est\u00e1 afastado da administra\u00e7\u00e3o da Confederal desde 1998, quando se elegeu deputado pela primeira vez.<\/p>\n<p style=\"text-align: right;\"><span style=\"color: #ff0000;\"><strong>Fonte: Metr\u00f3poles<\/strong><\/span><\/p>\n<p class=\"wpf_wrapper\"><a class=\"print_link\" href=\"\" target=\"_blank\">Preparar para impress\u00e3o<\/a><\/p><!-- .wpf_wrapper -->","protected":false},"excerpt":{"rendered":"<p>A 12\u00aa Vara do Trabalho de Bras\u00edlia decidiu, em car\u00e1ter liminar, que a empresa Confederal Vigil\u00e2ncia e Transporte de Valores&hellip; <\/p>\n","protected":false},"author":1,"featured_media":0,"comment_status":"closed","ping_status":"closed","sticky":false,"template":"","format":"standard","meta":{"footnotes":""},"categories":[7],"tags":[],"class_list":["post-9709","post","type-post","status-publish","format-standard","hentry","category-noticias"],"jetpack_featured_media_url":"","_links":{"self":[{"href":"https:\/\/sindesvdf.com.br\/news\/wp-json\/wp\/v2\/posts\/9709","targetHints":{"allow":["GET"]}}],"collection":[{"href":"https:\/\/sindesvdf.com.br\/news\/wp-json\/wp\/v2\/posts"}],"about":[{"href":"https:\/\/sindesvdf.com.br\/news\/wp-json\/wp\/v2\/types\/post"}],"author":[{"embeddable":true,"href":"https:\/\/sindesvdf.com.br\/news\/wp-json\/wp\/v2\/users\/1"}],"replies":[{"embeddable":true,"href":"https:\/\/sindesvdf.com.br\/news\/wp-json\/wp\/v2\/comments?post=9709"}],"version-history":[{"count":2,"href":"https:\/\/sindesvdf.com.br\/news\/wp-json\/wp\/v2\/posts\/9709\/revisions"}],"predecessor-version":[{"id":9714,"href":"https:\/\/sindesvdf.com.br\/news\/wp-json\/wp\/v2\/posts\/9709\/revisions\/9714"}],"wp:attachment":[{"href":"https:\/\/sindesvdf.com.br\/news\/wp-json\/wp\/v2\/media?parent=9709"}],"wp:term":[{"taxonomy":"category","embeddable":true,"href":"https:\/\/sindesvdf.com.br\/news\/wp-json\/wp\/v2\/categories?post=9709"},{"taxonomy":"post_tag","embeddable":true,"href":"https:\/\/sindesvdf.com.br\/news\/wp-json\/wp\/v2\/tags?post=9709"}],"curies":[{"name":"wp","href":"https:\/\/api.w.org\/{rel}","templated":true}]}}