{"id":9721,"date":"2018-02-21T16:40:20","date_gmt":"2018-02-21T19:40:20","guid":{"rendered":"http:\/\/sindesvdf.com.br\/news\/?p=9721"},"modified":"2018-03-05T16:02:10","modified_gmt":"2018-03-05T19:02:10","slug":"assembleia-do-dia-20-02-definiu-manutencao-dos-direitos-e-conquistas-com-avancos-ou-greve-geral-a-partir-do-dia-28-02","status":"publish","type":"post","link":"https:\/\/sindesvdf.com.br\/news\/assembleia-do-dia-20-02-definiu-manutencao-dos-direitos-e-conquistas-com-avancos-ou-greve-geral-a-partir-do-dia-28-02\/","title":{"rendered":"Assembleia do dia 20\/02 definiu: Manuten\u00e7\u00e3o dos direitos e conquistas, com avan\u00e7os, ou greve geral a partir do dia 28\/02!"},"content":{"rendered":"<p style=\"text-align: justify;\"><img loading=\"lazy\" decoding=\"async\" class=\"aligncenter wp-image-9722 size-large\" src=\"http:\/\/sindesvdf.com.br\/news\/wp-content\/uploads\/2018\/02\/site-01-790x451.jpg\" alt=\"\" width=\"750\" height=\"428\" srcset=\"https:\/\/sindesvdf.com.br\/news\/wp-content\/uploads\/2018\/02\/site-01-790x451.jpg 790w, https:\/\/sindesvdf.com.br\/news\/wp-content\/uploads\/2018\/02\/site-01-300x171.jpg 300w, https:\/\/sindesvdf.com.br\/news\/wp-content\/uploads\/2018\/02\/site-01-768x439.jpg 768w, https:\/\/sindesvdf.com.br\/news\/wp-content\/uploads\/2018\/02\/site-01-150x86.jpg 150w, https:\/\/sindesvdf.com.br\/news\/wp-content\/uploads\/2018\/02\/site-01-250x143.jpg 250w\" sizes=\"auto, (max-width: 750px) 100vw, 750px\" \/><\/p>\n<p style=\"text-align: justify;\">A Assembleia Geral realizada na noite do dia 20\/02 foi bem participativa e representou o esfor\u00e7o e determina\u00e7\u00e3o dos vigilantes em defesa de seus direitos e conquistas. Foi tamb\u00e9m um aviso forte de que a categoria n\u00e3o aceita os retrocessos impostos na Lei 13.467 da Reforma Trabalhista.<\/p>\n<p style=\"text-align: justify;\">Muitas cl\u00e1usulas da nossa Conven\u00e7\u00e3o Coletiva de Trabalho (CCT) representam ganhos e benef\u00edcios que n\u00e3o estavam previstos na legisla\u00e7\u00e3o anterior (CLT), foram anos de luta para alcan\u00e7armos cada item da nossa CCT. Portanto, n\u00e3o usaremos a reforma trabalhista como par\u00e2metro para as nossas negocia\u00e7\u00f5es e sim o que j\u00e1 temos e o que desejamos conquistar.<\/p>\n<p style=\"text-align: justify;\">A Lei 13.467\/2017 foi criada com o objetivo de destruir direitos da classe trabalhadora e, ao mesmo tempo, destruir suas representa\u00e7\u00f5es sindicais, enfraquecendo a luta e dando a oportunidade para que empres\u00e1rios sedentos de lucro possam explorar seus empregados, sem qualquer considera\u00e7\u00e3o ou respeito por esses trabalhadores e suas fam\u00edlias.<\/p>\n<p style=\"text-align: justify;\">Portanto, est\u00e1 nas m\u00e3os de cada vigilante a resist\u00eancia, a indigna\u00e7\u00e3o e a coragem de lutar para defender a sua Conven\u00e7\u00e3o Coletiva de Trabalho e a sua entidade laboral.<\/p>\n<p style=\"text-align: justify;\">Para defender nossos direitos e conquistas, para exigir respeito a uma categoria que arrisca suas vidas todos os dias, convocamos a todos e todas para estarem presentes em nossa pr\u00f3xima Assembleia Geral com Indicativo de Greve para lutarmos contra os ataques patronais.<\/p>\n<p style=\"text-align: justify;\"><span style=\"font-size: 20px;\"><strong>A intermedia\u00e7\u00e3o do Minist\u00e9rio P\u00fablico do Trabalho<\/strong><\/span><\/p>\n<p style=\"text-align: justify;\">Diante das atrocidades que alguns patr\u00f5es querem impor \u00e0 categoria com a implementa\u00e7\u00e3o da reforma trabalhista, o Sindicato dos Vigilantes solicitou a intermedia\u00e7\u00e3o do Minist\u00e9rio P\u00fablico do Trabalho (MPT) e j\u00e1 tivemos algumas reuni\u00f5es. A primeira com a participa\u00e7\u00e3o dos sindicatos laboral e patronal, a segunda s\u00f3 com o Sindesv-DF, outra apenas com o patronal e no dia 26\/02, os dois sindicatos voltam a se reunir no Minist\u00e9rio P\u00fablico. Por conta dessas reuni\u00f5es, o MPT pediu que o Sindicato adiasse a greve prevista para o dia 20\/02. Na ocasi\u00e3o, n\u00e3o demos uma resposta, pois este pedido seria submetido \u00e0 Assembleia Geral.<\/p>\n<p style=\"text-align: justify;\">Por fim, a categoria decidiu adiar a greve para o dia 28\/02.Caso at\u00e9 l\u00e1 os patr\u00f5es insistam no retrocesso, o Sindicato j\u00e1 informou a todos os \u00f3rg\u00e3os tomadores de servi\u00e7o sobre a possibilidade de iniciarmos uma greve no dia 28\/02 por tempo indeterminado.<\/p>\n<p style=\"text-align: justify;\"><img loading=\"lazy\" decoding=\"async\" class=\"aligncenter size-full wp-image-9726\" src=\"http:\/\/sindesvdf.com.br\/news\/wp-content\/uploads\/2018\/02\/Screenshot_1.png\" alt=\"\" width=\"812\" height=\"777\" srcset=\"https:\/\/sindesvdf.com.br\/news\/wp-content\/uploads\/2018\/02\/Screenshot_1.png 812w, https:\/\/sindesvdf.com.br\/news\/wp-content\/uploads\/2018\/02\/Screenshot_1-300x287.png 300w, https:\/\/sindesvdf.com.br\/news\/wp-content\/uploads\/2018\/02\/Screenshot_1-768x735.png 768w, https:\/\/sindesvdf.com.br\/news\/wp-content\/uploads\/2018\/02\/Screenshot_1-790x756.png 790w, https:\/\/sindesvdf.com.br\/news\/wp-content\/uploads\/2018\/02\/Screenshot_1-150x144.png 150w, https:\/\/sindesvdf.com.br\/news\/wp-content\/uploads\/2018\/02\/Screenshot_1-157x150.png 157w\" sizes=\"auto, (max-width: 812px) 100vw, 812px\" \/><\/p>\n<p class=\"wpf_wrapper\"><a class=\"print_link\" href=\"\" target=\"_blank\">Preparar para impress\u00e3o<\/a><\/p><!-- .wpf_wrapper -->","protected":false},"excerpt":{"rendered":"<p>A Assembleia Geral realizada na noite do dia 20\/02 foi bem participativa e representou o esfor\u00e7o e determina\u00e7\u00e3o dos vigilantes&hellip; <\/p>\n","protected":false},"author":1,"featured_media":0,"comment_status":"closed","ping_status":"closed","sticky":false,"template":"","format":"standard","meta":{"footnotes":""},"categories":[7],"tags":[],"class_list":["post-9721","post","type-post","status-publish","format-standard","hentry","category-noticias"],"jetpack_featured_media_url":"","_links":{"self":[{"href":"https:\/\/sindesvdf.com.br\/news\/wp-json\/wp\/v2\/posts\/9721","targetHints":{"allow":["GET"]}}],"collection":[{"href":"https:\/\/sindesvdf.com.br\/news\/wp-json\/wp\/v2\/posts"}],"about":[{"href":"https:\/\/sindesvdf.com.br\/news\/wp-json\/wp\/v2\/types\/post"}],"author":[{"embeddable":true,"href":"https:\/\/sindesvdf.com.br\/news\/wp-json\/wp\/v2\/users\/1"}],"replies":[{"embeddable":true,"href":"https:\/\/sindesvdf.com.br\/news\/wp-json\/wp\/v2\/comments?post=9721"}],"version-history":[{"count":3,"href":"https:\/\/sindesvdf.com.br\/news\/wp-json\/wp\/v2\/posts\/9721\/revisions"}],"predecessor-version":[{"id":9728,"href":"https:\/\/sindesvdf.com.br\/news\/wp-json\/wp\/v2\/posts\/9721\/revisions\/9728"}],"wp:attachment":[{"href":"https:\/\/sindesvdf.com.br\/news\/wp-json\/wp\/v2\/media?parent=9721"}],"wp:term":[{"taxonomy":"category","embeddable":true,"href":"https:\/\/sindesvdf.com.br\/news\/wp-json\/wp\/v2\/categories?post=9721"},{"taxonomy":"post_tag","embeddable":true,"href":"https:\/\/sindesvdf.com.br\/news\/wp-json\/wp\/v2\/tags?post=9721"}],"curies":[{"name":"wp","href":"https:\/\/api.w.org\/{rel}","templated":true}]}}