{"id":9733,"date":"2018-02-22T15:27:59","date_gmt":"2018-02-22T18:27:59","guid":{"rendered":"http:\/\/sindesvdf.com.br\/news\/?p=9733"},"modified":"2019-08-20T15:53:45","modified_gmt":"2019-08-20T18:53:45","slug":"processo-sindesvdf-x-brasfort-diferenca-do-risco-de-vida-sobre-ferias-e-13o-salario","status":"publish","type":"post","link":"https:\/\/sindesvdf.com.br\/news\/processo-sindesvdf-x-brasfort-diferenca-do-risco-de-vida-sobre-ferias-e-13o-salario\/","title":{"rendered":"Processo SindesvDF X Brasfort. Diferen\u00e7a do Risco de Vida sobre F\u00e9rias e 13\u00ba Sal\u00e1rio"},"content":{"rendered":"<p><img loading=\"lazy\" decoding=\"async\" class=\"alignleft wp-image-9735 size-medium\" src=\"http:\/\/sindesvdf.com.br\/news\/wp-content\/uploads\/2018\/02\/plat\u00e3o-Lupa-1-300x300.png\" alt=\"\" width=\"300\" height=\"300\" srcset=\"https:\/\/sindesvdf.com.br\/news\/wp-content\/uploads\/2018\/02\/plat\u00e3o-Lupa-1-300x300.png 300w, https:\/\/sindesvdf.com.br\/news\/wp-content\/uploads\/2018\/02\/plat\u00e3o-Lupa-1-150x150.png 150w, https:\/\/sindesvdf.com.br\/news\/wp-content\/uploads\/2018\/02\/plat\u00e3o-Lupa-1-768x768.png 768w, https:\/\/sindesvdf.com.br\/news\/wp-content\/uploads\/2018\/02\/plat\u00e3o-Lupa-1-790x790.png 790w, https:\/\/sindesvdf.com.br\/news\/wp-content\/uploads\/2018\/02\/plat\u00e3o-Lupa-1.png 1686w\" sizes=\"auto, (max-width: 300px) 100vw, 300px\" \/>Diante do despacho proferido no dia 20 de fevereiro de 2018, nos autos do processo n\u00ba 0000187-07.2014.5.10.0004, que tramita na 4\u00aa Vara do Trabalho de Bras\u00edlia-DF, foi apresentada a conta de liquida\u00e7\u00e3o <em>(c\u00e1lculos)<\/em>, abrindo \u00e0s partes <em>(SindesvDF e Brasfort)<\/em> o prazo de 8 dias para impugna\u00e7\u00e3o fundamentada, com a indica\u00e7\u00e3o dos itens e valores objeto da discord\u00e2ncia.<\/p>\n<p>Nessa oportunidade, a assessoria jur\u00eddica do Sindicato estar\u00e1 tomando conhecimento junto aos autos e posteriormente passar\u00e1 maiores esclarecimentos.<\/p>\n<p class=\"wpf_wrapper\"><a class=\"print_link\" href=\"\" target=\"_blank\">Preparar para impress\u00e3o<\/a><\/p><!-- .wpf_wrapper -->","protected":false},"excerpt":{"rendered":"<p>Diante do despacho proferido no dia 20 de fevereiro de 2018, nos autos do processo n\u00ba 0000187-07.2014.5.10.0004, que tramita na&hellip; <\/p>\n","protected":false},"author":1,"featured_media":0,"comment_status":"closed","ping_status":"closed","sticky":false,"template":"","format":"standard","meta":{"footnotes":""},"categories":[7],"tags":[],"class_list":["post-9733","post","type-post","status-publish","format-standard","hentry","category-noticias"],"jetpack_featured_media_url":"","_links":{"self":[{"href":"https:\/\/sindesvdf.com.br\/news\/wp-json\/wp\/v2\/posts\/9733","targetHints":{"allow":["GET"]}}],"collection":[{"href":"https:\/\/sindesvdf.com.br\/news\/wp-json\/wp\/v2\/posts"}],"about":[{"href":"https:\/\/sindesvdf.com.br\/news\/wp-json\/wp\/v2\/types\/post"}],"author":[{"embeddable":true,"href":"https:\/\/sindesvdf.com.br\/news\/wp-json\/wp\/v2\/users\/1"}],"replies":[{"embeddable":true,"href":"https:\/\/sindesvdf.com.br\/news\/wp-json\/wp\/v2\/comments?post=9733"}],"version-history":[{"count":3,"href":"https:\/\/sindesvdf.com.br\/news\/wp-json\/wp\/v2\/posts\/9733\/revisions"}],"predecessor-version":[{"id":9737,"href":"https:\/\/sindesvdf.com.br\/news\/wp-json\/wp\/v2\/posts\/9733\/revisions\/9737"}],"wp:attachment":[{"href":"https:\/\/sindesvdf.com.br\/news\/wp-json\/wp\/v2\/media?parent=9733"}],"wp:term":[{"taxonomy":"category","embeddable":true,"href":"https:\/\/sindesvdf.com.br\/news\/wp-json\/wp\/v2\/categories?post=9733"},{"taxonomy":"post_tag","embeddable":true,"href":"https:\/\/sindesvdf.com.br\/news\/wp-json\/wp\/v2\/tags?post=9733"}],"curies":[{"name":"wp","href":"https:\/\/api.w.org\/{rel}","templated":true}]}}