{"id":9739,"date":"2018-02-23T12:16:13","date_gmt":"2018-02-23T15:16:13","guid":{"rendered":"http:\/\/sindesvdf.com.br\/news\/?p=9739"},"modified":"2018-02-23T12:34:37","modified_gmt":"2018-02-23T15:34:37","slug":"a-irresponsabilidade-de-quem-contrata-porteiro-para-fazer-trabalho-de-vigilante","status":"publish","type":"post","link":"https:\/\/sindesvdf.com.br\/news\/a-irresponsabilidade-de-quem-contrata-porteiro-para-fazer-trabalho-de-vigilante\/","title":{"rendered":"A irresponsabilidade de quem contrata porteiro para fazer trabalho de vigilante"},"content":{"rendered":"<p><img loading=\"lazy\" decoding=\"async\" class=\"alignleft wp-image-9740 size-medium\" src=\"http:\/\/sindesvdf.com.br\/news\/wp-content\/uploads\/2018\/02\/vigilante-01-01-300x300.jpg\" alt=\"\" width=\"300\" height=\"300\" srcset=\"https:\/\/sindesvdf.com.br\/news\/wp-content\/uploads\/2018\/02\/vigilante-01-01-300x300.jpg 300w, https:\/\/sindesvdf.com.br\/news\/wp-content\/uploads\/2018\/02\/vigilante-01-01-150x150.jpg 150w, https:\/\/sindesvdf.com.br\/news\/wp-content\/uploads\/2018\/02\/vigilante-01-01-768x768.jpg 768w, https:\/\/sindesvdf.com.br\/news\/wp-content\/uploads\/2018\/02\/vigilante-01-01-790x790.jpg 790w, https:\/\/sindesvdf.com.br\/news\/wp-content\/uploads\/2018\/02\/vigilante-01-01.jpg 1667w\" sizes=\"auto, (max-width: 300px) 100vw, 300px\" \/><\/p>\n<p>A contrata\u00e7\u00e3o de porteiros para exercer a atividade de seguran\u00e7a privada em diversos estabelecimentos \u00e9 muito comum no DF e tamb\u00e9m em todo o Brasil. O Sindicato, junto com demais entidades, como a CNTV, vem ao longo dos anos denunciando essa pr\u00e1tica ao Departamento de Pol\u00edcia Federal e cobrando as devidas provid\u00eancias. Por isso, j\u00e1 conseguimos regularizar a situa\u00e7\u00e3o em alguns hospitais privados, faculdades, grandes redes de supermercado e shoppings.<\/p>\n<p>No entanto, a pr\u00e1tica continua, pois alguns empres\u00e1rios e comerciantes sempre tentam levar vantagem para ampliar seus lucros e alegam que os porteiros contratados n\u00e3o fazem seguran\u00e7a. E quando a situa\u00e7\u00e3o fica cr\u00edtica, tentam se eximir de toda a culpa. Foi exatamente o que ocorreu em uma escola privada em Taguatinga, quando um homem adentrou a escola e depois de sucessivos erros praticados pelos porteiros, o mesmo teve complica\u00e7\u00f5es e veio a \u00f3bito. Este \u00e9 um dos resultados de quem contrata porteiro para exercer a atividade de seguran\u00e7a: n\u00e3o est\u00e3o preparados sequer para prestar os primeiros socorros, ou at\u00e9 mesmo enxergar naquela situa\u00e7\u00e3o qual procedimento adotar para conter o homem, sem colocar sua vida em risco.<\/p>\n<p>O Sindicato dos Vigilantes do DF est\u00e1 acompanhando as investiga\u00e7\u00f5es, e j\u00e1 solicitou \u00e0 Pol\u00edcia Federal provid\u00eancias quanto \u00e0 pr\u00e1tica de seguran\u00e7a realizada por porteiros. E agora, a sociedade v\u00ea na pr\u00e1tica que o barato sai caro, custou uma vida e isto n\u00e3o tem pre\u00e7o.<\/p>\n<p>O estabelecimento de ensino soltou uma nota se eximindo de qualquer culpa e que os porteiros exercem atividade de porteiro. N\u00e3o foi o que vimos no v\u00eddeo, lembrando que se fazem apenas servi\u00e7o de porteiro, a pergunta \u00e9: quem faz a seguran\u00e7a dos alunos e funcion\u00e1rios e patrim\u00f4nio da escola?<\/p>\n<p>Estamos atentos em defesa da legalidade da profiss\u00e3o de seguran\u00e7a privada.<\/p>\n<p>&nbsp;<\/p>\n<div style=\"width: 1110px;\" class=\"wp-video\"><video class=\"wp-video-shortcode\" id=\"video-9739-1\" width=\"1110\" height=\"624\" preload=\"metadata\" controls=\"controls\"><source type=\"video\/mp4\" src=\"http:\/\/sindesvdf.com.br\/news\/wp-content\/uploads\/2018\/02\/render-Madre.mp4?_=1\" \/><a href=\"http:\/\/sindesvdf.com.br\/news\/wp-content\/uploads\/2018\/02\/render-Madre.mp4\">http:\/\/sindesvdf.com.br\/news\/wp-content\/uploads\/2018\/02\/render-Madre.mp4<\/a><\/video><\/div>\n<p class=\"wpf_wrapper\"><a class=\"print_link\" href=\"\" target=\"_blank\">Preparar para impress\u00e3o<\/a><\/p><!-- .wpf_wrapper -->","protected":false},"excerpt":{"rendered":"<p>A contrata\u00e7\u00e3o de porteiros para exercer a atividade de seguran\u00e7a privada em diversos estabelecimentos \u00e9 muito comum no DF e&hellip; <\/p>\n","protected":false},"author":1,"featured_media":0,"comment_status":"closed","ping_status":"closed","sticky":false,"template":"","format":"standard","meta":{"footnotes":""},"categories":[7],"tags":[],"class_list":["post-9739","post","type-post","status-publish","format-standard","hentry","category-noticias"],"jetpack_featured_media_url":"","_links":{"self":[{"href":"https:\/\/sindesvdf.com.br\/news\/wp-json\/wp\/v2\/posts\/9739","targetHints":{"allow":["GET"]}}],"collection":[{"href":"https:\/\/sindesvdf.com.br\/news\/wp-json\/wp\/v2\/posts"}],"about":[{"href":"https:\/\/sindesvdf.com.br\/news\/wp-json\/wp\/v2\/types\/post"}],"author":[{"embeddable":true,"href":"https:\/\/sindesvdf.com.br\/news\/wp-json\/wp\/v2\/users\/1"}],"replies":[{"embeddable":true,"href":"https:\/\/sindesvdf.com.br\/news\/wp-json\/wp\/v2\/comments?post=9739"}],"version-history":[{"count":3,"href":"https:\/\/sindesvdf.com.br\/news\/wp-json\/wp\/v2\/posts\/9739\/revisions"}],"predecessor-version":[{"id":9744,"href":"https:\/\/sindesvdf.com.br\/news\/wp-json\/wp\/v2\/posts\/9739\/revisions\/9744"}],"wp:attachment":[{"href":"https:\/\/sindesvdf.com.br\/news\/wp-json\/wp\/v2\/media?parent=9739"}],"wp:term":[{"taxonomy":"category","embeddable":true,"href":"https:\/\/sindesvdf.com.br\/news\/wp-json\/wp\/v2\/categories?post=9739"},{"taxonomy":"post_tag","embeddable":true,"href":"https:\/\/sindesvdf.com.br\/news\/wp-json\/wp\/v2\/tags?post=9739"}],"curies":[{"name":"wp","href":"https:\/\/api.w.org\/{rel}","templated":true}]}}