{"id":9766,"date":"2018-02-28T22:12:20","date_gmt":"2018-03-01T01:12:20","guid":{"rendered":"http:\/\/sindesvdf.com.br\/news\/?p=9766"},"modified":"2018-03-05T16:01:44","modified_gmt":"2018-03-05T19:01:44","slug":"contra-o-retrocesso-vigilantes-decretam-greve-geral-por-tempo-indeterminado","status":"publish","type":"post","link":"https:\/\/sindesvdf.com.br\/news\/contra-o-retrocesso-vigilantes-decretam-greve-geral-por-tempo-indeterminado\/","title":{"rendered":"Eles duvidaram da Greve, eles t\u00eam GREVE!"},"content":{"rendered":"<p style=\"text-align: center;\"><span data-mce-type=\"bookmark\" style=\"display: inline-block; width: 0px; overflow: hidden; line-height: 0;\" class=\"mce_SELRES_start\">\ufeff<\/span><span style=\"color: #808080;\"><em><strong><span style=\"font-size: 22px;\">Contra o retrocesso, vigilantes decretam greve geral por tempo indeterminado<\/span><\/strong><\/em><\/span><\/p>\n<p><img loading=\"lazy\" decoding=\"async\" class=\"alignleft wp-image-9767 size-medium\" src=\"http:\/\/sindesvdf.com.br\/news\/wp-content\/uploads\/2018\/02\/400-x-400-01-1-300x300.jpg\" alt=\"\" width=\"300\" height=\"300\" srcset=\"https:\/\/sindesvdf.com.br\/news\/wp-content\/uploads\/2018\/02\/400-x-400-01-1-300x300.jpg 300w, https:\/\/sindesvdf.com.br\/news\/wp-content\/uploads\/2018\/02\/400-x-400-01-1-150x150.jpg 150w, https:\/\/sindesvdf.com.br\/news\/wp-content\/uploads\/2018\/02\/400-x-400-01-1-768x768.jpg 768w, https:\/\/sindesvdf.com.br\/news\/wp-content\/uploads\/2018\/02\/400-x-400-01-1-790x790.jpg 790w, https:\/\/sindesvdf.com.br\/news\/wp-content\/uploads\/2018\/02\/400-x-400-01-1.jpg 1667w\" sizes=\"auto, (max-width: 300px) 100vw, 300px\" \/><\/p>\n<p>Em gigantesca assembleia geral realizada na noite de 28\/02, milhares de vigilantes aprovaram, por unanimidade, greve geral a partir desta data.<\/p>\n<p>Desde o ano passado o Sindicato dos Vigilantes vem buscando atrav\u00e9s da negocia\u00e7\u00e3o uma proposta por parte dos empres\u00e1rios, mas estes se mostram irredut\u00edveis e querem retirar varios direitos e conquistas da categoria, em um total de 18 cl\u00e1usulas que est\u00e3o em nossa Conven\u00e7\u00e3o Coletiva de Trabalho e que prejudicam o bolso do trabalhador.<\/p>\n<p>\u00c9 inaceit\u00e1vel que os empres\u00e1rios tentem ampliar seus lucros retirando direitos como o t\u00edquete alimenta\u00e7\u00e3o, pagando metade em t\u00edquete e metade em cesta b\u00e1sica. Direitos esses previstos nos contratos e que n\u00e3o aceitamos que retrocedam.<\/p>\n<p>Portanto, toda a responsabilidade desta greve \u00e9 dos empres\u00e1rios, pois tentamos exaustivamente a negocia\u00e7\u00e3o, buscando, inclusive, a intermedia\u00e7\u00e3o do Minist\u00e9rio P\u00fablico do Trabalho, como mais uma tentativa de chegarmos a um acordo. A gan\u00e2ncia e a intransig\u00eancia falaram mais alto, por isso recorremos \u00e0 greve para defender os direitos e conquistas de uma categoria que arrisca suas vidas todos os dias para sustentar suas fam\u00edlias.<\/p>\n<p>Firmes, fortes e mobilizados at\u00e9 a vit\u00f3ria. N\u00e3o aceitaremos esse ataque ao bolso do vigilante.<\/p>\n<p>\u00c9 greve, \u00e9 luta!<\/p>\n<p><img loading=\"lazy\" decoding=\"async\" class=\"aligncenter wp-image-9773 size-large\" src=\"http:\/\/sindesvdf.com.br\/news\/wp-content\/uploads\/2018\/02\/Screenshot_3-790x765.png\" alt=\"\" width=\"750\" height=\"726\" srcset=\"https:\/\/sindesvdf.com.br\/news\/wp-content\/uploads\/2018\/02\/Screenshot_3-790x765.png 790w, https:\/\/sindesvdf.com.br\/news\/wp-content\/uploads\/2018\/02\/Screenshot_3-300x291.png 300w, https:\/\/sindesvdf.com.br\/news\/wp-content\/uploads\/2018\/02\/Screenshot_3-768x744.png 768w, https:\/\/sindesvdf.com.br\/news\/wp-content\/uploads\/2018\/02\/Screenshot_3-150x145.png 150w, https:\/\/sindesvdf.com.br\/news\/wp-content\/uploads\/2018\/02\/Screenshot_3-155x150.png 155w, https:\/\/sindesvdf.com.br\/news\/wp-content\/uploads\/2018\/02\/Screenshot_3.png 918w\" sizes=\"auto, (max-width: 750px) 100vw, 750px\" \/><\/p>\n<p class=\"wpf_wrapper\"><a class=\"print_link\" href=\"\" target=\"_blank\">Preparar para impress\u00e3o<\/a><\/p><!-- .wpf_wrapper -->","protected":false},"excerpt":{"rendered":"<p>\ufeffContra o retrocesso, vigilantes decretam greve geral por tempo indeterminado Em gigantesca assembleia geral realizada na noite de 28\/02, milhares&hellip; <\/p>\n","protected":false},"author":1,"featured_media":0,"comment_status":"closed","ping_status":"closed","sticky":false,"template":"","format":"standard","meta":{"footnotes":""},"categories":[120,7],"tags":[],"class_list":["post-9766","post","type-post","status-publish","format-standard","hentry","category-campanha-salarial-2018","category-noticias"],"jetpack_featured_media_url":"","_links":{"self":[{"href":"https:\/\/sindesvdf.com.br\/news\/wp-json\/wp\/v2\/posts\/9766","targetHints":{"allow":["GET"]}}],"collection":[{"href":"https:\/\/sindesvdf.com.br\/news\/wp-json\/wp\/v2\/posts"}],"about":[{"href":"https:\/\/sindesvdf.com.br\/news\/wp-json\/wp\/v2\/types\/post"}],"author":[{"embeddable":true,"href":"https:\/\/sindesvdf.com.br\/news\/wp-json\/wp\/v2\/users\/1"}],"replies":[{"embeddable":true,"href":"https:\/\/sindesvdf.com.br\/news\/wp-json\/wp\/v2\/comments?post=9766"}],"version-history":[{"count":4,"href":"https:\/\/sindesvdf.com.br\/news\/wp-json\/wp\/v2\/posts\/9766\/revisions"}],"predecessor-version":[{"id":9793,"href":"https:\/\/sindesvdf.com.br\/news\/wp-json\/wp\/v2\/posts\/9766\/revisions\/9793"}],"wp:attachment":[{"href":"https:\/\/sindesvdf.com.br\/news\/wp-json\/wp\/v2\/media?parent=9766"}],"wp:term":[{"taxonomy":"category","embeddable":true,"href":"https:\/\/sindesvdf.com.br\/news\/wp-json\/wp\/v2\/categories?post=9766"},{"taxonomy":"post_tag","embeddable":true,"href":"https:\/\/sindesvdf.com.br\/news\/wp-json\/wp\/v2\/tags?post=9766"}],"curies":[{"name":"wp","href":"https:\/\/api.w.org\/{rel}","templated":true}]}}