{"id":9788,"date":"2018-03-02T09:10:03","date_gmt":"2018-03-02T12:10:03","guid":{"rendered":"http:\/\/sindesvdf.com.br\/news\/?p=9788"},"modified":"2018-03-05T16:01:27","modified_gmt":"2018-03-05T19:01:27","slug":"vigilante-em-greve-a-culpa-e-da-intransigencia-e-ganancia-dos-patroes","status":"publish","type":"post","link":"https:\/\/sindesvdf.com.br\/news\/vigilante-em-greve-a-culpa-e-da-intransigencia-e-ganancia-dos-patroes\/","title":{"rendered":"Primeiro Dia de Greve: Sucesso de Ades\u00e3o!"},"content":{"rendered":"<p><img loading=\"lazy\" decoding=\"async\" class=\"alignleft wp-image-9789 size-medium\" src=\"http:\/\/sindesvdf.com.br\/news\/wp-content\/uploads\/2018\/03\/400-x-400-01-300x300.jpg\" alt=\"\" width=\"300\" height=\"300\" srcset=\"https:\/\/sindesvdf.com.br\/news\/wp-content\/uploads\/2018\/03\/400-x-400-01-300x300.jpg 300w, https:\/\/sindesvdf.com.br\/news\/wp-content\/uploads\/2018\/03\/400-x-400-01-150x150.jpg 150w, https:\/\/sindesvdf.com.br\/news\/wp-content\/uploads\/2018\/03\/400-x-400-01-768x768.jpg 768w, https:\/\/sindesvdf.com.br\/news\/wp-content\/uploads\/2018\/03\/400-x-400-01-790x790.jpg 790w, https:\/\/sindesvdf.com.br\/news\/wp-content\/uploads\/2018\/03\/400-x-400-01.jpg 1667w\" sizes=\"auto, (max-width: 300px) 100vw, 300px\" \/>Em mais uma assembleia geral realizada na noite de 01\/03, quinta-feira, os vigilantes presentes votaram por unanimidade pela continuidade da greve, pois at\u00e9 o momento os patr\u00f5es n\u00e3o apresentaram uma proposta decente.<\/p>\n<p>No dia 02\/03, sexta-feira, haver\u00e1 uma audi\u00eancia no Minist\u00e9rio P\u00fablico do Trabalho e \u00e0s 19h30, teremos mais uma assembleia onde passaremos todos os informes.<\/p>\n<p>A greve do dia 01\/03 foi um sucesso de ades\u00e3o com hospitais, bancos, parques entre outros \u00f3rg\u00e3os, com o funcionamento comprometido diante da for\u00e7a da paralisa\u00e7\u00e3o dos vigilantes.<\/p>\n<p>Portanto, vamos manter a greve, a uni\u00e3o e mobiliza\u00e7\u00e3o para que nesta sexta tenhamos uma paralisa\u00e7\u00e3o ainda maior.<\/p>\n<p>Informem-se apenas pelos meios oficiais de comunica\u00e7\u00e3o do Sindicato e repudiem os boatos e ataques patrocinados pelos patr\u00f5es e seus agentes do mal.<\/p>\n<p>Fiquem firmes e mantenham a disposi\u00e7\u00e3o de luta para arrancarmos mais uma vit\u00f3ria.<\/p>\n<p>Vigilante em greve, a culpa \u00e9 da intransig\u00eancia e gan\u00e2ncia dos patr\u00f5es.<\/p>\n<p><img loading=\"lazy\" decoding=\"async\" class=\"aligncenter size-large wp-image-9798\" src=\"http:\/\/sindesvdf.com.br\/news\/wp-content\/uploads\/2018\/03\/Screenshot_2-790x764.png\" alt=\"\" width=\"750\" height=\"725\" srcset=\"https:\/\/sindesvdf.com.br\/news\/wp-content\/uploads\/2018\/03\/Screenshot_2-790x764.png 790w, https:\/\/sindesvdf.com.br\/news\/wp-content\/uploads\/2018\/03\/Screenshot_2-300x290.png 300w, https:\/\/sindesvdf.com.br\/news\/wp-content\/uploads\/2018\/03\/Screenshot_2-768x743.png 768w, https:\/\/sindesvdf.com.br\/news\/wp-content\/uploads\/2018\/03\/Screenshot_2-150x145.png 150w, https:\/\/sindesvdf.com.br\/news\/wp-content\/uploads\/2018\/03\/Screenshot_2-155x150.png 155w, https:\/\/sindesvdf.com.br\/news\/wp-content\/uploads\/2018\/03\/Screenshot_2.png 818w\" sizes=\"auto, (max-width: 750px) 100vw, 750px\" \/><\/p>\n<p class=\"wpf_wrapper\"><a class=\"print_link\" href=\"\" target=\"_blank\">Preparar para impress\u00e3o<\/a><\/p><!-- .wpf_wrapper -->","protected":false},"excerpt":{"rendered":"<p>Em mais uma assembleia geral realizada na noite de 01\/03, quinta-feira, os vigilantes presentes votaram por unanimidade pela continuidade da&hellip; <\/p>\n","protected":false},"author":1,"featured_media":0,"comment_status":"closed","ping_status":"closed","sticky":false,"template":"","format":"standard","meta":{"footnotes":""},"categories":[120,7],"tags":[],"class_list":["post-9788","post","type-post","status-publish","format-standard","hentry","category-campanha-salarial-2018","category-noticias"],"jetpack_featured_media_url":"","_links":{"self":[{"href":"https:\/\/sindesvdf.com.br\/news\/wp-json\/wp\/v2\/posts\/9788","targetHints":{"allow":["GET"]}}],"collection":[{"href":"https:\/\/sindesvdf.com.br\/news\/wp-json\/wp\/v2\/posts"}],"about":[{"href":"https:\/\/sindesvdf.com.br\/news\/wp-json\/wp\/v2\/types\/post"}],"author":[{"embeddable":true,"href":"https:\/\/sindesvdf.com.br\/news\/wp-json\/wp\/v2\/users\/1"}],"replies":[{"embeddable":true,"href":"https:\/\/sindesvdf.com.br\/news\/wp-json\/wp\/v2\/comments?post=9788"}],"version-history":[{"count":5,"href":"https:\/\/sindesvdf.com.br\/news\/wp-json\/wp\/v2\/posts\/9788\/revisions"}],"predecessor-version":[{"id":9799,"href":"https:\/\/sindesvdf.com.br\/news\/wp-json\/wp\/v2\/posts\/9788\/revisions\/9799"}],"wp:attachment":[{"href":"https:\/\/sindesvdf.com.br\/news\/wp-json\/wp\/v2\/media?parent=9788"}],"wp:term":[{"taxonomy":"category","embeddable":true,"href":"https:\/\/sindesvdf.com.br\/news\/wp-json\/wp\/v2\/categories?post=9788"},{"taxonomy":"post_tag","embeddable":true,"href":"https:\/\/sindesvdf.com.br\/news\/wp-json\/wp\/v2\/tags?post=9788"}],"curies":[{"name":"wp","href":"https:\/\/api.w.org\/{rel}","templated":true}]}}