{"id":9802,"date":"2018-03-02T15:46:42","date_gmt":"2018-03-02T18:46:42","guid":{"rendered":"http:\/\/sindesvdf.com.br\/news\/?p=9802"},"modified":"2018-03-05T16:00:49","modified_gmt":"2018-03-05T19:00:49","slug":"trt-convoca-audiencia-de-conciliacao","status":"publish","type":"post","link":"https:\/\/sindesvdf.com.br\/news\/trt-convoca-audiencia-de-conciliacao\/","title":{"rendered":"TRT convoca audi\u00eancia de concilia\u00e7\u00e3o"},"content":{"rendered":"<p><img loading=\"lazy\" decoding=\"async\" class=\"alignleft wp-image-9803 size-medium\" src=\"http:\/\/sindesvdf.com.br\/news\/wp-content\/uploads\/2018\/03\/PROPOSTA-01-300x300.jpg\" alt=\"\" width=\"300\" height=\"300\" srcset=\"https:\/\/sindesvdf.com.br\/news\/wp-content\/uploads\/2018\/03\/PROPOSTA-01-300x300.jpg 300w, https:\/\/sindesvdf.com.br\/news\/wp-content\/uploads\/2018\/03\/PROPOSTA-01-150x150.jpg 150w, https:\/\/sindesvdf.com.br\/news\/wp-content\/uploads\/2018\/03\/PROPOSTA-01-768x768.jpg 768w, https:\/\/sindesvdf.com.br\/news\/wp-content\/uploads\/2018\/03\/PROPOSTA-01-790x790.jpg 790w, https:\/\/sindesvdf.com.br\/news\/wp-content\/uploads\/2018\/03\/PROPOSTA-01.jpg 1667w\" sizes=\"auto, (max-width: 300px) 100vw, 300px\" \/>Hoje, 02\/03\/18, fomos convocados pelo Tribunal Regional do Trabalho, na pessoa de seu presidente, para uma audi\u00eancia de concilia\u00e7\u00e3o \u00e0s 11h. Apesar de chegarmos no hor\u00e1rio estabelecido, aguardamos o Sindicato Patronal que atrasou 30 minutos. Os empres\u00e1rios ratificaram a proposta de divis\u00e3o do t\u00edquete, ou seja, R$ 17,00 em dinheiro e a outra metade em cesta b\u00e1sica, que agora est\u00e1 registrado em ata. Afirmaram tamb\u00e9m que concederiam reajuste de 2% se a categoria suspendesse a greve e abrisse m\u00e3o de todos os direitos que temos dito em nossas assembleias.<br \/>\nDe imediato, comunicamos ao presidente do Tribunal que a proposta \u00e9 inaceit\u00e1vel e uma nova audi\u00eancia ocorrer\u00e1 ainda hoje, na Procuradoria Regional do Trabalho, \u00e0s 16h. A greve continua firme e forte. Convocamos a todos e todas para participarem de Assembleia Geral, nesta sexta, 02\/03, \u00e0s 19h30 onde avaliaremos se tem proposta decente ou votaremos pela continuidade da greve.<br \/>\nCompare\u00e7am \u00e0 Assembleia Geral, no CONIC, na rampa dos vigilantes.<\/p>\n<p class=\"wpf_wrapper\"><a class=\"print_link\" href=\"\" target=\"_blank\">Preparar para impress\u00e3o<\/a><\/p><!-- .wpf_wrapper -->","protected":false},"excerpt":{"rendered":"<p>Hoje, 02\/03\/18, fomos convocados pelo Tribunal Regional do Trabalho, na pessoa de seu presidente, para uma audi\u00eancia de concilia\u00e7\u00e3o \u00e0s&hellip; <\/p>\n","protected":false},"author":1,"featured_media":0,"comment_status":"closed","ping_status":"closed","sticky":false,"template":"","format":"standard","meta":{"footnotes":""},"categories":[7],"tags":[],"class_list":["post-9802","post","type-post","status-publish","format-standard","hentry","category-noticias"],"jetpack_featured_media_url":"","_links":{"self":[{"href":"https:\/\/sindesvdf.com.br\/news\/wp-json\/wp\/v2\/posts\/9802","targetHints":{"allow":["GET"]}}],"collection":[{"href":"https:\/\/sindesvdf.com.br\/news\/wp-json\/wp\/v2\/posts"}],"about":[{"href":"https:\/\/sindesvdf.com.br\/news\/wp-json\/wp\/v2\/types\/post"}],"author":[{"embeddable":true,"href":"https:\/\/sindesvdf.com.br\/news\/wp-json\/wp\/v2\/users\/1"}],"replies":[{"embeddable":true,"href":"https:\/\/sindesvdf.com.br\/news\/wp-json\/wp\/v2\/comments?post=9802"}],"version-history":[{"count":1,"href":"https:\/\/sindesvdf.com.br\/news\/wp-json\/wp\/v2\/posts\/9802\/revisions"}],"predecessor-version":[{"id":9804,"href":"https:\/\/sindesvdf.com.br\/news\/wp-json\/wp\/v2\/posts\/9802\/revisions\/9804"}],"wp:attachment":[{"href":"https:\/\/sindesvdf.com.br\/news\/wp-json\/wp\/v2\/media?parent=9802"}],"wp:term":[{"taxonomy":"category","embeddable":true,"href":"https:\/\/sindesvdf.com.br\/news\/wp-json\/wp\/v2\/categories?post=9802"},{"taxonomy":"post_tag","embeddable":true,"href":"https:\/\/sindesvdf.com.br\/news\/wp-json\/wp\/v2\/tags?post=9802"}],"curies":[{"name":"wp","href":"https:\/\/api.w.org\/{rel}","templated":true}]}}