{"id":9807,"date":"2018-03-03T10:02:51","date_gmt":"2018-03-03T13:02:51","guid":{"rendered":"http:\/\/sindesvdf.com.br\/news\/?p=9807"},"modified":"2018-03-05T16:00:09","modified_gmt":"2018-03-05T19:00:09","slug":"greve-dos-vigilantes-a-luta-continua","status":"publish","type":"post","link":"https:\/\/sindesvdf.com.br\/news\/greve-dos-vigilantes-a-luta-continua\/","title":{"rendered":"GREVE DOS VIGILANTES: A LUTA CONTINUA"},"content":{"rendered":"<p style=\"text-align: left\"><img loading=\"lazy\" decoding=\"async\" class=\"alignright wp-image-9808\" src=\"http:\/\/sindesvdf.com.br\/news\/wp-content\/uploads\/2018\/03\/greve2-400x400-01-300x300.jpg\" alt=\"\" width=\"400\" height=\"400\" srcset=\"https:\/\/sindesvdf.com.br\/news\/wp-content\/uploads\/2018\/03\/greve2-400x400-01-300x300.jpg 300w, https:\/\/sindesvdf.com.br\/news\/wp-content\/uploads\/2018\/03\/greve2-400x400-01-150x150.jpg 150w, https:\/\/sindesvdf.com.br\/news\/wp-content\/uploads\/2018\/03\/greve2-400x400-01-768x768.jpg 768w, https:\/\/sindesvdf.com.br\/news\/wp-content\/uploads\/2018\/03\/greve2-400x400-01-790x790.jpg 790w, https:\/\/sindesvdf.com.br\/news\/wp-content\/uploads\/2018\/03\/greve2-400x400-01.jpg 1667w\" sizes=\"auto, (max-width: 400px) 100vw, 400px\" \/>Nesta sexta-feira (2\/3) o Sindicato dos Vigilantes continuou a intensa negocia\u00e7\u00e3o para a Campanha Salarial de 2018.<\/p>\n<p style=\"text-align: left\">Foram realizadas duas audi\u00eancias no decorrer do dia. Pela manh\u00e3, a diretoria do SindesvDF compareceu ao Tribunal Regional do Trabalho em uma audi\u00eancia de concilia\u00e7\u00e3o conduzida pelo presidente da corte em uma tentativa extrajudicial de se chegar a um acordo que n\u00e3o houve.<\/p>\n<p>Os empres\u00e1rios mantiveram a proposta de dividir o aux\u00edlio alimenta\u00e7\u00e3o em duas partes: em dinheiro e em cestas b\u00e1sicas. Al\u00e9m disso, eles ofereceram um reajuste de 2%. Dissemos de imediato que tal proposta era inaceit\u00e1vel.<\/p>\n<p>Na sequ\u00eancia, participamos de uma intermedia\u00e7\u00e3o na Procuradoria-Geral do Trabalho tamb\u00e9m como uma tentativa de acordo entre os sindicatos. Os empres\u00e1rios se mantiveram irredut\u00edveis nas mesmas propostas lesivas aos interesses dos vigilantes.<\/p>\n<p>Passadas essas duas audi\u00eancias, a verdade \u00e9 que n\u00e3o houve acordo e fica evidente que os empres\u00e1rios se mant\u00eam determinados em acabar com o Sindicato dos Vigilantes e em n\u00e3o garantir os direitos da categoria.<\/p>\n<p>No in\u00edcio da noite, a categoria realizou uma grande assembleia na qual foi submetida aos participantes a proposta patronal e, obviamente, foi recha\u00e7ada por unanimidade e, desta forma, decretada a continuidade da greve.<\/p>\n<p>Os patr\u00f5es entraram na justi\u00e7a para impedir o SindesvDF de conduzir a greve. J\u00e1 no decorrer da noite, o sindicato recebeu a notifica\u00e7\u00e3o judicial com a liminar multando o sindicato em R$ 100 mil. O Sindicato vai recorrer da liminar e a greve continua.<\/p>\n<p>No entanto, se os empres\u00e1rios pensam que v\u00e3o conseguir por um fim \u00e0 nossa paralisa\u00e7\u00e3o com a aplica\u00e7\u00e3o de multa e liminares judiciais, est\u00e3o redondamente enganados.<\/p>\n<p>Continuaremos lutando para que os nossos direitos sejam mantidos. Para tanto, \u00e9 de extrema import\u00e2ncia \u2013 e mais do que nunca nesse momento \u2013 a uni\u00e3o dos vigilantes para que obtenhamos sucesso nesta negocia\u00e7\u00e3o.<\/p>\n<p>N\u00e3o iremos ficar esperando 180 dias, como no ano passado, para que acabemos com o reajuste no \u00faltimo m\u00eas do ano e sem direito a retroativo.<\/p>\n<p>A luta continua.<\/p>\n<p style=\"text-align: center\">Bras\u00edlia, 2 de mar\u00e7o de 2018<br \/>\nDIRETORIA DO SINDICATO DOS VIGILANTES<\/p>\n<p class=\"wpf_wrapper\"><a class=\"print_link\" href=\"\" target=\"_blank\">Preparar para impress\u00e3o<\/a><\/p><!-- .wpf_wrapper -->","protected":false},"excerpt":{"rendered":"<p>Nesta sexta-feira (2\/3) o Sindicato dos Vigilantes continuou a intensa negocia\u00e7\u00e3o para a Campanha Salarial de 2018. Foram realizadas duas&hellip; <\/p>\n","protected":false},"author":3,"featured_media":0,"comment_status":"closed","ping_status":"closed","sticky":false,"template":"","format":"standard","meta":{"footnotes":""},"categories":[120,7],"tags":[],"class_list":["post-9807","post","type-post","status-publish","format-standard","hentry","category-campanha-salarial-2018","category-noticias"],"jetpack_featured_media_url":"","_links":{"self":[{"href":"https:\/\/sindesvdf.com.br\/news\/wp-json\/wp\/v2\/posts\/9807","targetHints":{"allow":["GET"]}}],"collection":[{"href":"https:\/\/sindesvdf.com.br\/news\/wp-json\/wp\/v2\/posts"}],"about":[{"href":"https:\/\/sindesvdf.com.br\/news\/wp-json\/wp\/v2\/types\/post"}],"author":[{"embeddable":true,"href":"https:\/\/sindesvdf.com.br\/news\/wp-json\/wp\/v2\/users\/3"}],"replies":[{"embeddable":true,"href":"https:\/\/sindesvdf.com.br\/news\/wp-json\/wp\/v2\/comments?post=9807"}],"version-history":[{"count":3,"href":"https:\/\/sindesvdf.com.br\/news\/wp-json\/wp\/v2\/posts\/9807\/revisions"}],"predecessor-version":[{"id":9811,"href":"https:\/\/sindesvdf.com.br\/news\/wp-json\/wp\/v2\/posts\/9807\/revisions\/9811"}],"wp:attachment":[{"href":"https:\/\/sindesvdf.com.br\/news\/wp-json\/wp\/v2\/media?parent=9807"}],"wp:term":[{"taxonomy":"category","embeddable":true,"href":"https:\/\/sindesvdf.com.br\/news\/wp-json\/wp\/v2\/categories?post=9807"},{"taxonomy":"post_tag","embeddable":true,"href":"https:\/\/sindesvdf.com.br\/news\/wp-json\/wp\/v2\/tags?post=9807"}],"curies":[{"name":"wp","href":"https:\/\/api.w.org\/{rel}","templated":true}]}}