{"id":9814,"date":"2018-03-03T21:31:15","date_gmt":"2018-03-04T00:31:15","guid":{"rendered":"http:\/\/sindesvdf.com.br\/news\/?p=9814"},"modified":"2018-03-05T15:59:20","modified_gmt":"2018-03-05T18:59:20","slug":"assembleia-do-dia-03-03-decidiu-a-greve-continua","status":"publish","type":"post","link":"https:\/\/sindesvdf.com.br\/news\/assembleia-do-dia-03-03-decidiu-a-greve-continua\/","title":{"rendered":"Assembleia do dia 03\/03 decidiu: a greve continua!"},"content":{"rendered":"<p><img loading=\"lazy\" decoding=\"async\" class=\"alignleft wp-image-9815 size-medium\" src=\"http:\/\/sindesvdf.com.br\/news\/wp-content\/uploads\/2018\/03\/site-03_-400x400-01-300x300.jpg\" alt=\"\" width=\"300\" height=\"300\" srcset=\"https:\/\/sindesvdf.com.br\/news\/wp-content\/uploads\/2018\/03\/site-03_-400x400-01-300x300.jpg 300w, https:\/\/sindesvdf.com.br\/news\/wp-content\/uploads\/2018\/03\/site-03_-400x400-01-150x150.jpg 150w, https:\/\/sindesvdf.com.br\/news\/wp-content\/uploads\/2018\/03\/site-03_-400x400-01-768x768.jpg 768w, https:\/\/sindesvdf.com.br\/news\/wp-content\/uploads\/2018\/03\/site-03_-400x400-01-790x790.jpg 790w, https:\/\/sindesvdf.com.br\/news\/wp-content\/uploads\/2018\/03\/site-03_-400x400-01.jpg 1667w\" sizes=\"auto, (max-width: 300px) 100vw, 300px\" \/>Os vigilantes mant\u00eam a firme disposi\u00e7\u00e3o\u00a0de continuar lutando em defesa de suas reivindica\u00e7\u00f5es e contra os ataques\u00a0 dos patr\u00f5es aos seus direitos e conquistas.<\/p>\n<p>Mais uma vez a categoria aprovou por unanimidade pela continuidade da greve. Refor\u00e7amos a necessidade de cada trabalhador manter a disposi\u00e7\u00e3o de luta e fortalecimento da paralisa\u00e7\u00e3o, pois somente assim teremos a press\u00e3o necess\u00e1ria\u00a0para negociar uma proposta decente.<\/p>\n<p>A greve precisa de cada trabalhador participando e confiando na vit\u00f3ria, pois juntos somos muito mais fortes.<\/p>\n<h2 style=\"text-align: center;\"><span style=\"font-size: 24px;\">Todos e todas \u00e0 <span style=\"color: #ff0000;\"><strong>Assembleia Geral<\/strong><\/span>,<\/span><br \/>\n<span style=\"font-size: 24px;\"><strong><span style=\"color: #ff0000;\"> dia 05\/03<\/span><\/strong>, segunda-feira,<\/span><span style=\"font-size: 24px;\">\u00e0s <span style=\"color: #ff0000;\"><strong>19h30<\/strong><\/span><\/span><br \/>\n<span style=\"font-size: 24px;\">na <span style=\"color: #ff0000;\"><strong>Rampa dos Vigilantes<\/strong><\/span><\/span><span style=\"font-size: 24px;\">, Conic.<\/span><\/h2>\n<p class=\"wpf_wrapper\"><a class=\"print_link\" href=\"\" target=\"_blank\">Preparar para impress\u00e3o<\/a><\/p><!-- .wpf_wrapper -->","protected":false},"excerpt":{"rendered":"<p>Os vigilantes mant\u00eam a firme disposi\u00e7\u00e3o\u00a0de continuar lutando em defesa de suas reivindica\u00e7\u00f5es e contra os ataques\u00a0 dos patr\u00f5es aos&hellip; <\/p>\n","protected":false},"author":3,"featured_media":0,"comment_status":"closed","ping_status":"closed","sticky":false,"template":"","format":"standard","meta":{"footnotes":""},"categories":[120,7],"tags":[],"class_list":["post-9814","post","type-post","status-publish","format-standard","hentry","category-campanha-salarial-2018","category-noticias"],"jetpack_featured_media_url":"","_links":{"self":[{"href":"https:\/\/sindesvdf.com.br\/news\/wp-json\/wp\/v2\/posts\/9814","targetHints":{"allow":["GET"]}}],"collection":[{"href":"https:\/\/sindesvdf.com.br\/news\/wp-json\/wp\/v2\/posts"}],"about":[{"href":"https:\/\/sindesvdf.com.br\/news\/wp-json\/wp\/v2\/types\/post"}],"author":[{"embeddable":true,"href":"https:\/\/sindesvdf.com.br\/news\/wp-json\/wp\/v2\/users\/3"}],"replies":[{"embeddable":true,"href":"https:\/\/sindesvdf.com.br\/news\/wp-json\/wp\/v2\/comments?post=9814"}],"version-history":[{"count":3,"href":"https:\/\/sindesvdf.com.br\/news\/wp-json\/wp\/v2\/posts\/9814\/revisions"}],"predecessor-version":[{"id":9832,"href":"https:\/\/sindesvdf.com.br\/news\/wp-json\/wp\/v2\/posts\/9814\/revisions\/9832"}],"wp:attachment":[{"href":"https:\/\/sindesvdf.com.br\/news\/wp-json\/wp\/v2\/media?parent=9814"}],"wp:term":[{"taxonomy":"category","embeddable":true,"href":"https:\/\/sindesvdf.com.br\/news\/wp-json\/wp\/v2\/categories?post=9814"},{"taxonomy":"post_tag","embeddable":true,"href":"https:\/\/sindesvdf.com.br\/news\/wp-json\/wp\/v2\/tags?post=9814"}],"curies":[{"name":"wp","href":"https:\/\/api.w.org\/{rel}","templated":true}]}}