{"id":9836,"date":"2018-03-05T22:07:34","date_gmt":"2018-03-06T01:07:34","guid":{"rendered":"http:\/\/sindesvdf.com.br\/news\/?p=9836"},"modified":"2018-03-06T09:23:07","modified_gmt":"2018-03-06T12:23:07","slug":"intensificar-a-greve-pois-ela-continua-decide-assembleia-do-dia-05-03","status":"publish","type":"post","link":"https:\/\/sindesvdf.com.br\/news\/intensificar-a-greve-pois-ela-continua-decide-assembleia-do-dia-05-03\/","title":{"rendered":"Intensificar a greve, pois ela continua, decide assembleia desta segunda"},"content":{"rendered":"<p><span style=\"font-size: 18px;\"><img loading=\"lazy\" decoding=\"async\" class=\"aligncenter size-large wp-image-9840\" src=\"http:\/\/sindesvdf.com.br\/news\/wp-content\/uploads\/2018\/03\/700_-05-03-18-01-790x451.jpg\" alt=\"\" width=\"750\" height=\"428\" srcset=\"https:\/\/sindesvdf.com.br\/news\/wp-content\/uploads\/2018\/03\/700_-05-03-18-01-790x451.jpg 790w, https:\/\/sindesvdf.com.br\/news\/wp-content\/uploads\/2018\/03\/700_-05-03-18-01-300x171.jpg 300w, https:\/\/sindesvdf.com.br\/news\/wp-content\/uploads\/2018\/03\/700_-05-03-18-01-768x439.jpg 768w, https:\/\/sindesvdf.com.br\/news\/wp-content\/uploads\/2018\/03\/700_-05-03-18-01-150x86.jpg 150w, https:\/\/sindesvdf.com.br\/news\/wp-content\/uploads\/2018\/03\/700_-05-03-18-01-250x143.jpg 250w, https:\/\/sindesvdf.com.br\/news\/wp-content\/uploads\/2018\/03\/700_-05-03-18-01-700x400.jpg 700w\" sizes=\"auto, (max-width: 750px) 100vw, 750px\" \/><\/span><\/p>\n<p><span style=\"font-size: 18px;\">A cada dia a greve se amplia e se fortalece por todo o Distrito Federal, repercutindo na imprensa e na sociedade a for\u00e7a dos vigilantes. A intransig\u00eancia patronal continua, pois eles querem embolsar a qualquer custo benef\u00edcios dos vigilantes, que s\u00e3o pagos pelos tomadores de servi\u00e7o, previstos nos contratos.<\/span><\/p>\n<p><span style=\"font-size: 18px;\">Diante de tamanha gan\u00e2ncia e desrespeito, a categoria decidiu mais uma vez por unanimidade pela continuidade da greve, portanto:<\/span><\/p>\n<h2 style=\"text-align: center;\">Todos e todas \u00e0\u00a0<span style=\"color: #ff0000;\"><strong>Assembleia Geral<\/strong>,<\/span><br \/>\n<span style=\"color: #ff0000;\"><strong>hoje 06\/03<\/strong><\/span>, ter\u00e7a-feira, <strong><span style=\"color: #ff0000;\">\u00e0s\u00a017 horas<\/span><\/strong><br \/>\nna\u00a0<span style=\"color: #ff0000;\"><strong>Rampa dos Vigilantes<\/strong><\/span>, Conic<\/h2>\n<p><span style=\"font-size: 18px;\">A greve continua e s\u00f3 retornaremos ao trabalho com proposta decente. Quem luta, conquista acima de tudo dignidade. Viva os vigilantes do Distrito Federal, uma categoria de fibra, honesta e corajosa. Todos e todas \u00e0 luta.<\/span><\/p>\n<p><span style=\"font-size: 18px;\">Estamos lutando em defesa da nossa Conven\u00e7\u00e3o Coletiva de Trabalho. Sem ela podemos perder o plano de sa\u00fade, o t\u00edquete e diversos benef\u00edcios previstos na mesma. Portanto, n\u00e3o h\u00e1 tr\u00e9gua. S\u00f3 a luta nos move rumo \u00e0 vit\u00f3ria.<\/span><\/p>\n<p class=\"wpf_wrapper\"><a class=\"print_link\" href=\"\" target=\"_blank\">Preparar para impress\u00e3o<\/a><\/p><!-- .wpf_wrapper -->","protected":false},"excerpt":{"rendered":"<p>A cada dia a greve se amplia e se fortalece por todo o Distrito Federal, repercutindo na imprensa e na&hellip; <\/p>\n","protected":false},"author":1,"featured_media":0,"comment_status":"closed","ping_status":"closed","sticky":false,"template":"","format":"standard","meta":{"footnotes":""},"categories":[120,7],"tags":[],"class_list":["post-9836","post","type-post","status-publish","format-standard","hentry","category-campanha-salarial-2018","category-noticias"],"jetpack_featured_media_url":"","_links":{"self":[{"href":"https:\/\/sindesvdf.com.br\/news\/wp-json\/wp\/v2\/posts\/9836","targetHints":{"allow":["GET"]}}],"collection":[{"href":"https:\/\/sindesvdf.com.br\/news\/wp-json\/wp\/v2\/posts"}],"about":[{"href":"https:\/\/sindesvdf.com.br\/news\/wp-json\/wp\/v2\/types\/post"}],"author":[{"embeddable":true,"href":"https:\/\/sindesvdf.com.br\/news\/wp-json\/wp\/v2\/users\/1"}],"replies":[{"embeddable":true,"href":"https:\/\/sindesvdf.com.br\/news\/wp-json\/wp\/v2\/comments?post=9836"}],"version-history":[{"count":6,"href":"https:\/\/sindesvdf.com.br\/news\/wp-json\/wp\/v2\/posts\/9836\/revisions"}],"predecessor-version":[{"id":9852,"href":"https:\/\/sindesvdf.com.br\/news\/wp-json\/wp\/v2\/posts\/9836\/revisions\/9852"}],"wp:attachment":[{"href":"https:\/\/sindesvdf.com.br\/news\/wp-json\/wp\/v2\/media?parent=9836"}],"wp:term":[{"taxonomy":"category","embeddable":true,"href":"https:\/\/sindesvdf.com.br\/news\/wp-json\/wp\/v2\/categories?post=9836"},{"taxonomy":"post_tag","embeddable":true,"href":"https:\/\/sindesvdf.com.br\/news\/wp-json\/wp\/v2\/tags?post=9836"}],"curies":[{"name":"wp","href":"https:\/\/api.w.org\/{rel}","templated":true}]}}