{"id":9862,"date":"2018-03-06T19:33:43","date_gmt":"2018-03-06T22:33:43","guid":{"rendered":"http:\/\/sindesvdf.com.br\/news\/?p=9862"},"modified":"2018-03-07T12:09:40","modified_gmt":"2018-03-07T15:09:40","slug":"assembleia-do-dia-06-03-decreta-nao-vamos-recuar-a-greve-continua","status":"publish","type":"post","link":"https:\/\/sindesvdf.com.br\/news\/assembleia-do-dia-06-03-decreta-nao-vamos-recuar-a-greve-continua\/","title":{"rendered":"Assembleia do dia 06\/03 decreta: n\u00e3o vamos recuar. A greve continua!"},"content":{"rendered":"<p><img loading=\"lazy\" decoding=\"async\" class=\"alignleft wp-image-9878 size-medium\" src=\"http:\/\/sindesvdf.com.br\/news\/wp-content\/uploads\/2018\/03\/Card-3-300x300.jpeg\" alt=\"\" width=\"300\" height=\"300\" srcset=\"https:\/\/sindesvdf.com.br\/news\/wp-content\/uploads\/2018\/03\/Card-3-300x300.jpeg 300w, https:\/\/sindesvdf.com.br\/news\/wp-content\/uploads\/2018\/03\/Card-3-150x150.jpeg 150w, https:\/\/sindesvdf.com.br\/news\/wp-content\/uploads\/2018\/03\/Card-3-768x768.jpeg 768w, https:\/\/sindesvdf.com.br\/news\/wp-content\/uploads\/2018\/03\/Card-3-790x790.jpeg 790w, https:\/\/sindesvdf.com.br\/news\/wp-content\/uploads\/2018\/03\/Card-3.jpeg 1024w\" sizes=\"auto, (max-width: 300px) 100vw, 300px\" \/><\/p>\n<p><span style=\"font-size: 18px;\">A cada dia a greve dos vigilantes do DF fica mais forte, assim como a indigna\u00e7\u00e3o e a revolta contra a intransig\u00eancia patronal.<\/span><\/p>\n<p><span style=\"font-size: 18px;\">A categoria novamente aprovou por unanimidade pela continuidade da greve e est\u00e1 marcada<\/span><\/p>\n<hr \/>\n<h2 style=\"text-align: center;\"><span style=\"color: #ff0000; font-size: 36px;\"><strong>Assembleia Geral<\/strong><\/span><br \/>\nnesta quarta feira <strong><span style=\"color: #ff0000;\">07\/Mar\u00e7o<\/span><\/strong>,\u00a0\u00e0s<strong>\u00a0<span style=\"color: #ff0000;\">15 horas<\/span><\/strong><br \/>\nna\u00a0<span style=\"color: #ff0000;\"><strong>Rampa dos Vigilantes<\/strong><\/span>, Conic<\/h2>\n<hr \/>\n<p><span style=\"font-size: 18px;\">\u00c9 fundamental que todos e todas compare\u00e7am para realizarmos uma assembleia gigantesca e que demonstre o tamanho da nossa uni\u00e3o, mobiliza\u00e7\u00e3o e disposi\u00e7\u00e3o de luta.<\/span><\/p>\n<p><span style=\"font-size: 18px;\">Firmes, fortes, dignos e combativos rumo \u00e0 vit\u00f3ria.<\/span><\/p>\n<p class=\"wpf_wrapper\"><a class=\"print_link\" href=\"\" target=\"_blank\">Preparar para impress\u00e3o<\/a><\/p><!-- .wpf_wrapper -->","protected":false},"excerpt":{"rendered":"<p>A cada dia a greve dos vigilantes do DF fica mais forte, assim como a indigna\u00e7\u00e3o e a revolta contra&hellip; <\/p>\n","protected":false},"author":6,"featured_media":0,"comment_status":"closed","ping_status":"closed","sticky":false,"template":"","format":"standard","meta":{"footnotes":""},"categories":[120,7],"tags":[],"class_list":["post-9862","post","type-post","status-publish","format-standard","hentry","category-campanha-salarial-2018","category-noticias"],"jetpack_featured_media_url":"","_links":{"self":[{"href":"https:\/\/sindesvdf.com.br\/news\/wp-json\/wp\/v2\/posts\/9862","targetHints":{"allow":["GET"]}}],"collection":[{"href":"https:\/\/sindesvdf.com.br\/news\/wp-json\/wp\/v2\/posts"}],"about":[{"href":"https:\/\/sindesvdf.com.br\/news\/wp-json\/wp\/v2\/types\/post"}],"author":[{"embeddable":true,"href":"https:\/\/sindesvdf.com.br\/news\/wp-json\/wp\/v2\/users\/6"}],"replies":[{"embeddable":true,"href":"https:\/\/sindesvdf.com.br\/news\/wp-json\/wp\/v2\/comments?post=9862"}],"version-history":[{"count":8,"href":"https:\/\/sindesvdf.com.br\/news\/wp-json\/wp\/v2\/posts\/9862\/revisions"}],"predecessor-version":[{"id":9885,"href":"https:\/\/sindesvdf.com.br\/news\/wp-json\/wp\/v2\/posts\/9862\/revisions\/9885"}],"wp:attachment":[{"href":"https:\/\/sindesvdf.com.br\/news\/wp-json\/wp\/v2\/media?parent=9862"}],"wp:term":[{"taxonomy":"category","embeddable":true,"href":"https:\/\/sindesvdf.com.br\/news\/wp-json\/wp\/v2\/categories?post=9862"},{"taxonomy":"post_tag","embeddable":true,"href":"https:\/\/sindesvdf.com.br\/news\/wp-json\/wp\/v2\/tags?post=9862"}],"curies":[{"name":"wp","href":"https:\/\/api.w.org\/{rel}","templated":true}]}}