{"id":9883,"date":"2018-03-07T12:13:12","date_gmt":"2018-03-07T15:13:12","guid":{"rendered":"http:\/\/sindesvdf.com.br\/news\/?p=9883"},"modified":"2018-03-08T04:57:52","modified_gmt":"2018-03-08T07:57:52","slug":"sindicato-dos-vigilantes-esclarece-incidente-ocorrido-na-caesb-de-samambaia","status":"publish","type":"post","link":"https:\/\/sindesvdf.com.br\/news\/sindicato-dos-vigilantes-esclarece-incidente-ocorrido-na-caesb-de-samambaia\/","title":{"rendered":"Sindicato dos Vigilantes esclarece incidente ocorrido na CAESB de Samambaia"},"content":{"rendered":"<p><img loading=\"lazy\" decoding=\"async\" class=\"alignleft wp-image-9886 size-medium\" src=\"http:\/\/sindesvdf.com.br\/news\/wp-content\/uploads\/2018\/03\/Nota-01-300x300.jpg\" alt=\"\" width=\"300\" height=\"300\" srcset=\"https:\/\/sindesvdf.com.br\/news\/wp-content\/uploads\/2018\/03\/Nota-01-300x300.jpg 300w, https:\/\/sindesvdf.com.br\/news\/wp-content\/uploads\/2018\/03\/Nota-01-150x150.jpg 150w, https:\/\/sindesvdf.com.br\/news\/wp-content\/uploads\/2018\/03\/Nota-01-768x768.jpg 768w, https:\/\/sindesvdf.com.br\/news\/wp-content\/uploads\/2018\/03\/Nota-01-790x790.jpg 790w, https:\/\/sindesvdf.com.br\/news\/wp-content\/uploads\/2018\/03\/Nota-01.jpg 1667w\" sizes=\"auto, (max-width: 300px) 100vw, 300px\" \/><\/p>\n<p>O Sindicato dos Vigilantes do Distrito Federal, diante do incidente ocorrida na CAESB de Samambaia, que repudia esse tipo de conduta por parte de algumas pessoas que, sem qualquer orienta\u00e7\u00e3o do Sindicato, adentraram, por conta pr\u00f3pria, o posto de servi\u00e7o da CAESB.<\/p>\n<p>A nossa orienta\u00e7\u00e3o \u00e9 de que a greve ocorra de forma pac\u00edfica e ordeira, sem causar qualquer dano ao patrim\u00f4nio p\u00fablico ou privado, e \u00e0 popula\u00e7\u00e3o.<\/p>\n<p>Repudiamos qualquer forma de viol\u00eancia e estamos abertos a quaisquer esclarecimentos, pois a nossa luta \u00e9 justa contra o retrocesso que os empres\u00e1rios querem impor aos vigilantes.<\/p>\n<p>&nbsp;<\/p>\n<p>SINDESV-DF \u2013 Filiado \u00e0 CUT \u2013 CNTV\u00a0 e DIEESE<\/p>\n<p class=\"wpf_wrapper\"><a class=\"print_link\" href=\"\" target=\"_blank\">Preparar para impress\u00e3o<\/a><\/p><!-- .wpf_wrapper -->","protected":false},"excerpt":{"rendered":"<p>O Sindicato dos Vigilantes do Distrito Federal, diante do incidente ocorrida na CAESB de Samambaia, que repudia esse tipo de&hellip; <\/p>\n","protected":false},"author":1,"featured_media":0,"comment_status":"closed","ping_status":"closed","sticky":false,"template":"","format":"standard","meta":{"footnotes":""},"categories":[120,7],"tags":[],"class_list":["post-9883","post","type-post","status-publish","format-standard","hentry","category-campanha-salarial-2018","category-noticias"],"jetpack_featured_media_url":"","_links":{"self":[{"href":"https:\/\/sindesvdf.com.br\/news\/wp-json\/wp\/v2\/posts\/9883","targetHints":{"allow":["GET"]}}],"collection":[{"href":"https:\/\/sindesvdf.com.br\/news\/wp-json\/wp\/v2\/posts"}],"about":[{"href":"https:\/\/sindesvdf.com.br\/news\/wp-json\/wp\/v2\/types\/post"}],"author":[{"embeddable":true,"href":"https:\/\/sindesvdf.com.br\/news\/wp-json\/wp\/v2\/users\/1"}],"replies":[{"embeddable":true,"href":"https:\/\/sindesvdf.com.br\/news\/wp-json\/wp\/v2\/comments?post=9883"}],"version-history":[{"count":2,"href":"https:\/\/sindesvdf.com.br\/news\/wp-json\/wp\/v2\/posts\/9883\/revisions"}],"predecessor-version":[{"id":9889,"href":"https:\/\/sindesvdf.com.br\/news\/wp-json\/wp\/v2\/posts\/9883\/revisions\/9889"}],"wp:attachment":[{"href":"https:\/\/sindesvdf.com.br\/news\/wp-json\/wp\/v2\/media?parent=9883"}],"wp:term":[{"taxonomy":"category","embeddable":true,"href":"https:\/\/sindesvdf.com.br\/news\/wp-json\/wp\/v2\/categories?post=9883"},{"taxonomy":"post_tag","embeddable":true,"href":"https:\/\/sindesvdf.com.br\/news\/wp-json\/wp\/v2\/tags?post=9883"}],"curies":[{"name":"wp","href":"https:\/\/api.w.org\/{rel}","templated":true}]}}